{"id":27108,"date":"2016-10-31T13:49:48","date_gmt":"2016-10-31T19:49:48","guid":{"rendered":"https:\/\/radiowebmx.com\/nota\/?p=27108"},"modified":"2016-10-31T13:49:48","modified_gmt":"2016-10-31T19:49:48","slug":"todos-los-michoacanos-queremos-un-estado-en-paz-adriana-hernandez","status":"publish","type":"post","link":"https:\/\/radiowebmx.com\/nota\/todos-los-michoacanos-queremos-un-estado-en-paz-adriana-hernandez\/","title":{"rendered":"Todos los michoacanos queremos un estado en paz: Adriana Hern\u00e1ndez"},"content":{"rendered":"<p class=\"x_MsoNormal\"><b>Puru\u00e1ndiro; Michoac\u00e1n, 30 de octubre del 2016.- \u00a0<\/b>\u201cQueremos tener un Michoac\u00e1n en paz, ese es el mensaje que queremos enviar, desde Tierra Caliente hasta Puru\u00e1ndiro, queremos un Michoac\u00e1n con mejores condiciones\u201d, sentenci\u00f3 la diputada Adriana Hern\u00e1ndez \u00cd\u00f1iguez, en el marco del arranque de la \u201cCarrera Rosa, Unidos Contra el C\u00e1ncer de Mama\u201d que se realiz\u00f3 en Puru\u00e1ndiro y con la que se cerr\u00f3 la asistencia de m\u00e1s de 10 mil personas que a lo largo del mes de octubre participaron en las carreras que se llevaron a cabo en 5 municipios del estado.<\/p>\n<p class=\"x_MsoNormal\">De nueva cuenta se rompi\u00f3 record de asistencia con la participaci\u00f3n m\u00e1s de 3 mil personas que corrieron, trotaron y caminaron por las principales calles de Puru\u00e1ndiro.<\/p>\n<p class=\"x_MsoNormal\">\n<p class=\"x_MsoNormal\">En su mensaje, la coordinadora del Grupo Parlamentario del PRI y tambi\u00e9n presidente de la Junta de Coordinaci\u00f3n Pol\u00edtica en el Congreso del Estado record\u00f3 la importancia de prevenir el c\u00e1ncer de mama a trav\u00e9s de revisiones constantes.<\/p>\n<p class=\"x_MsoNormal\">\n<p class=\"x_MsoNormal\">El presidente municipal, V\u00edctor V\u00e1zquez Tapia; as\u00ed como el licenciado Rodolfo Estrada Pantoja, representante de Liconsa, Yolanda Ram\u00edrez Maga\u00f1a, presidenta honoraria del DIF municipal; y la diputada local Belinda Iturbide acompa\u00f1aron a Adriana Hern\u00e1ndez en el banderazo de salida de la \u00faltima Carrera Rosa que comenz\u00f3 en punto de las 9:00 horas.<\/p>\n<p class=\"x_MsoNormal\">\n<p class=\"x_MsoNormal\">Adultos mayores, ni\u00f1os, j\u00f3venes y personas con capacidades diferentes participaron en este encuentro que tiene por objetivo el generar un espacio de convivencia que permita la reconstrucci\u00f3n del tejido social a trav\u00e9s del deporte.<\/p>\n<p class=\"x_MsoNormal\">\n<p class=\"x_MsoNormal\">En ese sentido, Hern\u00e1ndez \u00cd\u00f1iguez agradeci\u00f3 el apoyo\u00a0del Ayuntamiento de Puru\u00e1ndiro, as\u00ed como del Gobierno Federal a trav\u00e9s de las delegaciones del IMSS, LICONSA, SCT y SEGOB, y de Coca \u2013 Cola FEMSA, instituciones que permitieron llevar a cabo la carrera en los municipios de Apatzing\u00e1n, La Piedad, Zinap\u00e9cuaro, Zamora y Puru\u00e1ndiro y en la que en conjunto participaron m\u00e1s de 10 mil personas.<\/p>\n<p class=\"x_MsoNormal\">\n<p class=\"x_MsoNormal\">Desde las 7:00 horas comenz\u00f3 el registro de los asistentes y la entrega de kits, posteriormente se llev\u00f3 a cabo la activaci\u00f3n f\u00edsica, para comenzar las carreras de 3 y 5 kil\u00f3metros que arrancaron en el Jard\u00edn Principal, pasaron por la calle Abasolo y Guerrero hasta llegar al punto de partida, mientras que la de 5 kil\u00f3metros se prolong\u00f3 por Zaragoza y retorn\u00f3 por Plan de Ayala para tomar Francisco I. Madero hasta llegar al Jard\u00edn Principal.<\/p>\n<p class=\"x_MsoNormal\">\n<p class=\"x_MsoNormal\">Laura Garc\u00eda lleg\u00f3 en primer lugar, mientras que Martha Valdez ocup\u00f3 el segundo lugar y la joven Virginia Lemus lleg\u00f3 en la tercera posici\u00f3n.<\/p>\n<p class=\"x_MsoNormal\">\n<p class=\"x_MsoNormal\">Cabe resaltar que en todos los municipios\u00a0el IMSS particip\u00f3 con un m\u00f3dulo de salud, en el que los asistentes se realizaron chequeos gratuitos, adem\u00e1s se aplicaron vacunas y se otorgaron asesor\u00edas sobre las prestaciones que ofrece el Instituto.<\/p>\n","protected":false},"excerpt":{"rendered":"<p>\u201cQueremos tener un Michoac\u00e1n en paz, ese es el mensaje que queremos enviar, desde Tierra Caliente hasta Puru\u00e1ndiro, queremos un Michoac\u00e1n con mejores condiciones\u201d, sentenci\u00f3 la diputada Adriana Hern\u00e1ndez \u00cd\u00f1iguez<\/p>\n","protected":false},"author":1,"featured_media":27109,"comment_status":"open","ping_status":"open","sticky":false,"template":"","format":"standard","meta":{"footnotes":""},"categories":[6,14,7],"tags":[],"class_list":["post-27108","post","type-post","status-publish","format-standard","has-post-thumbnail","hentry","category-congreso-del-estado","category-destacadas","category-grupo-parlamentario-del-pri"],"_links":{"self":[{"href":"https:\/\/radiowebmx.com\/nota\/wp-json\/wp\/v2\/posts\/27108","targetHints":{"allow":["GET"]}}],"collection":[{"href":"https:\/\/radiowebmx.com\/nota\/wp-json\/wp\/v2\/posts"}],"about":[{"href":"https:\/\/radiowebmx.com\/nota\/wp-json\/wp\/v2\/types\/post"}],"author":[{"embeddable":true,"href":"https:\/\/radiowebmx.com\/nota\/wp-json\/wp\/v2\/users\/1"}],"replies":[{"embeddable":true,"href":"https:\/\/radiowebmx.com\/nota\/wp-json\/wp\/v2\/comments?post=27108"}],"version-history":[{"count":1,"href":"https:\/\/radiowebmx.com\/nota\/wp-json\/wp\/v2\/posts\/27108\/revisions"}],"predecessor-version":[{"id":27110,"href":"https:\/\/radiowebmx.com\/nota\/wp-json\/wp\/v2\/posts\/27108\/revisions\/27110"}],"wp:featuredmedia":[{"embeddable":true,"href":"https:\/\/radiowebmx.com\/nota\/wp-json\/wp\/v2\/media\/27109"}],"wp:attachment":[{"href":"https:\/\/radiowebmx.com\/nota\/wp-json\/wp\/v2\/media?parent=27108"}],"wp:term":[{"taxonomy":"category","embeddable":true,"href":"https:\/\/radiowebmx.com\/nota\/wp-json\/wp\/v2\/categories?post=27108"},{"taxonomy":"post_tag","embeddable":true,"href":"https:\/\/radiowebmx.com\/nota\/wp-json\/wp\/v2\/tags?post=27108"}],"curies":[{"name":"wp","href":"https:\/\/api.w.org\/{rel}","templated":true}]}}