{"id":27076,"date":"2016-10-31T12:50:32","date_gmt":"2016-10-31T18:50:32","guid":{"rendered":"https:\/\/radiowebmx.com\/nota\/?p=27076"},"modified":"2016-10-31T12:50:32","modified_gmt":"2016-10-31T18:50:32","slug":"promueve-gobierno-municipal-actividades-de-dia-de-muertos-en-santa-maria-de-guido","status":"publish","type":"post","link":"https:\/\/radiowebmx.com\/nota\/promueve-gobierno-municipal-actividades-de-dia-de-muertos-en-santa-maria-de-guido\/","title":{"rendered":"Promueve Gobierno Municipal actividades de D\u00eda de Muertos en Santa Maria de Guido"},"content":{"rendered":"<p>Con un concurrido desfile \u00a0\u201cIlumina tu tradici\u00f3n\u201d, \u00a0la Tenencia de Santa Mar\u00eda de Guido, dio inicio a sus festividades de &#8220;D\u00eda de Muertos&#8221;, donde habr\u00e1 varias actividades culturales as\u00ed como el tradicional concurso de altares.<\/p>\n<p>El Secretario de Servicios P\u00fablicos, Jos\u00e9 Luis Gil V\u00e1zquez, en representaci\u00f3n del Presidente Municipal, Alfonso Mart\u00ednez Alc\u00e1zar, asisti\u00f3 este fin de semana \u00a0para realizar el \u00a0corte de list\u00f3n inaugural de estas festividades, donde ni\u00f1os caracterizados de catrines y catrinas dieron inicio a la caminata por las calles de esta tenencia, los cuales estuvieron acompa\u00f1ados por una banda de viento \u00a0hasta llegar a la Parroquia de &#8220;Santa Mar\u00eda de los Altos&#8221;.<\/p>\n<p>Al tomar la palabra, Gil V\u00e1zquez salud\u00f3 al Jefe de Tenencia, Wilberth Rosas Monge y agradeci\u00f3 la invitaci\u00f3n de la comunidad a quienes dijo que \u00a0este tipo de eventos contribuyen a forjar el sentido de identidad \u00a0y permiten reactivar la econom\u00eda de los habitantes de la zona.<\/p>\n<p>Por su parte, Rosas Monge, agradeci\u00f3 la presencia del funcionario municipal, as\u00ed como el apoyo brindando para adornar la plaza, a cargo del Director de Productos y Servicios Tur\u00edsticos de Morelia, Ra\u00fal Oma\u00f1a.<\/p>\n<p>De esta forma, el Gobierno Municipal ampl\u00eda la oferta de actividades en esta celebraci\u00f3n de D\u00eda de Muertos, al trabajar de la mano con la ciudadan\u00eda en la conformaci\u00f3n de un programa que promueva las tradiciones y la convivencia familiar.<\/p>\n","protected":false},"excerpt":{"rendered":"<p>Con un concurrido desfile  \u201cIlumina tu tradici\u00f3n\u201d,  la Tenencia de Santa Mar\u00eda de Guido, dio inicio a sus festividades de &#8220;D\u00eda de Muertos&#8221;, donde habr\u00e1 varias actividades culturales as\u00ed como el tradicional concurso de altares.<\/p>\n","protected":false},"author":1,"featured_media":27077,"comment_status":"open","ping_status":"open","sticky":false,"template":"","format":"standard","meta":{"footnotes":""},"categories":[14,3],"tags":[],"class_list":["post-27076","post","type-post","status-publish","format-standard","has-post-thumbnail","hentry","category-destacadas","category-gobierno-del-estado-de-michoacan"],"_links":{"self":[{"href":"https:\/\/radiowebmx.com\/nota\/wp-json\/wp\/v2\/posts\/27076","targetHints":{"allow":["GET"]}}],"collection":[{"href":"https:\/\/radiowebmx.com\/nota\/wp-json\/wp\/v2\/posts"}],"about":[{"href":"https:\/\/radiowebmx.com\/nota\/wp-json\/wp\/v2\/types\/post"}],"author":[{"embeddable":true,"href":"https:\/\/radiowebmx.com\/nota\/wp-json\/wp\/v2\/users\/1"}],"replies":[{"embeddable":true,"href":"https:\/\/radiowebmx.com\/nota\/wp-json\/wp\/v2\/comments?post=27076"}],"version-history":[{"count":1,"href":"https:\/\/radiowebmx.com\/nota\/wp-json\/wp\/v2\/posts\/27076\/revisions"}],"predecessor-version":[{"id":27078,"href":"https:\/\/radiowebmx.com\/nota\/wp-json\/wp\/v2\/posts\/27076\/revisions\/27078"}],"wp:featuredmedia":[{"embeddable":true,"href":"https:\/\/radiowebmx.com\/nota\/wp-json\/wp\/v2\/media\/27077"}],"wp:attachment":[{"href":"https:\/\/radiowebmx.com\/nota\/wp-json\/wp\/v2\/media?parent=27076"}],"wp:term":[{"taxonomy":"category","embeddable":true,"href":"https:\/\/radiowebmx.com\/nota\/wp-json\/wp\/v2\/categories?post=27076"},{"taxonomy":"post_tag","embeddable":true,"href":"https:\/\/radiowebmx.com\/nota\/wp-json\/wp\/v2\/tags?post=27076"}],"curies":[{"name":"wp","href":"https:\/\/api.w.org\/{rel}","templated":true}]}}