{"id":27073,"date":"2016-10-31T12:48:18","date_gmt":"2016-10-31T18:48:18","guid":{"rendered":"https:\/\/radiowebmx.com\/nota\/?p=27073"},"modified":"2016-10-31T12:48:18","modified_gmt":"2016-10-31T18:48:18","slug":"artesanos-de-santa-fe-de-la-laguna-vestiran-de-deoro-el-centro-de-morelia","status":"publish","type":"post","link":"https:\/\/radiowebmx.com\/nota\/artesanos-de-santa-fe-de-la-laguna-vestiran-de-deoro-el-centro-de-morelia\/","title":{"rendered":"Artesanos de Santa Fe de la Laguna vestir\u00e1n de de&#8221;oro&#8221; el Centro de Morelia"},"content":{"rendered":"<p>En el marco de las actividades correspondientes a las festividades del D\u00eda de Muertos, el Ayuntamiento de Morelia en conjunto con artesanos de Santa Fe de la Laguna vestir\u00e1 el centro de Morelia con la tradicional flor de cempas\u00fachil.<\/p>\n<p>Los artesanos arribaron este domingo a primera hora a la capital de Michoac\u00e1n, para \u00a0comenzar a elaborar los adornos que se colocar\u00e1n en la Avenida Madero, as\u00ed como un arco que engalanar\u00e1 la calzada Fray Antonio de San Miguel.<\/p>\n<p>El Secretario de Servicios P\u00fablicos, Jos\u00e9 Luis Gil V\u00e1zquez, indic\u00f3 que siguiendo las instrucciones del Presidente Municipal, Alfonso Mart\u00ednez Alc\u00e1zar, \u00a0se adornar\u00e1n los 330 balcones que se encuentran en el Centro Hist\u00f3rico, as\u00ed como la reja exterior de la Catedral.<\/p>\n<p>Agreg\u00f3 que las Direcciones que tiene a su cargo est\u00e1n trabajando para que este lunes primero de noviembre amanezca una Morelia Dorada.<\/p>\n<p>Tambi\u00e9n invit\u00f3 a los morelianos y turistas a visitar el coraz\u00f3n de la ciudad y a aprovechar la belleza visual que estos festejos han tra\u00eddo a la ciudad de la cantera rosa.<\/p>\n<p>Por su parte el l\u00edder de los artesanos, Joel Ram\u00edrez Huacuz, agradeci\u00f3 al Alcalde, Afonso Mart\u00ednez, por tomarlos en cuenta, agradeciendo que les den esta oportunidad de adornar la celebraci\u00f3n de las \u00e1nimas, porque les dan la oportunidad de difundir su cultura y origen, ya que trabajan cuatro meses antes, iniciando el proceso desde la siembra de la flor.<\/p>\n<p>&#8220;Venimos con mucho gusto adornar la Avenida Madero, y agradezco que nos tomen en cuenta para una celebraci\u00f3n de esta magnitud, para nosotros es la oportunidad de dar a conocer nuestro trabajo y tradiciones&#8221; finaliz\u00f3.<\/p>\n","protected":false},"excerpt":{"rendered":"<p>En el marco de las actividades correspondientes a las festividades del D\u00eda de Muertos, el Ayuntamiento de Morelia en conjunto con artesanos de Santa Fe de la Laguna vestir\u00e1 el centro de Morelia con la tradicional flor de cempas\u00fachil. <\/p>\n","protected":false},"author":1,"featured_media":27074,"comment_status":"open","ping_status":"open","sticky":false,"template":"","format":"standard","meta":{"footnotes":""},"categories":[14,9],"tags":[],"class_list":["post-27073","post","type-post","status-publish","format-standard","has-post-thumbnail","hentry","category-destacadas","category-morelia"],"_links":{"self":[{"href":"https:\/\/radiowebmx.com\/nota\/wp-json\/wp\/v2\/posts\/27073","targetHints":{"allow":["GET"]}}],"collection":[{"href":"https:\/\/radiowebmx.com\/nota\/wp-json\/wp\/v2\/posts"}],"about":[{"href":"https:\/\/radiowebmx.com\/nota\/wp-json\/wp\/v2\/types\/post"}],"author":[{"embeddable":true,"href":"https:\/\/radiowebmx.com\/nota\/wp-json\/wp\/v2\/users\/1"}],"replies":[{"embeddable":true,"href":"https:\/\/radiowebmx.com\/nota\/wp-json\/wp\/v2\/comments?post=27073"}],"version-history":[{"count":1,"href":"https:\/\/radiowebmx.com\/nota\/wp-json\/wp\/v2\/posts\/27073\/revisions"}],"predecessor-version":[{"id":27075,"href":"https:\/\/radiowebmx.com\/nota\/wp-json\/wp\/v2\/posts\/27073\/revisions\/27075"}],"wp:featuredmedia":[{"embeddable":true,"href":"https:\/\/radiowebmx.com\/nota\/wp-json\/wp\/v2\/media\/27074"}],"wp:attachment":[{"href":"https:\/\/radiowebmx.com\/nota\/wp-json\/wp\/v2\/media?parent=27073"}],"wp:term":[{"taxonomy":"category","embeddable":true,"href":"https:\/\/radiowebmx.com\/nota\/wp-json\/wp\/v2\/categories?post=27073"},{"taxonomy":"post_tag","embeddable":true,"href":"https:\/\/radiowebmx.com\/nota\/wp-json\/wp\/v2\/tags?post=27073"}],"curies":[{"name":"wp","href":"https:\/\/api.w.org\/{rel}","templated":true}]}}