{"id":27067,"date":"2016-10-31T12:43:15","date_gmt":"2016-10-31T18:43:15","guid":{"rendered":"https:\/\/radiowebmx.com\/nota\/?p=27067"},"modified":"2016-10-31T12:43:15","modified_gmt":"2016-10-31T18:43:15","slug":"con-exito-se-realizo-el-seminario-internacional-de-taekwondo","status":"publish","type":"post","link":"https:\/\/radiowebmx.com\/nota\/con-exito-se-realizo-el-seminario-internacional-de-taekwondo\/","title":{"rendered":"Con \u00e9xito se realiz\u00f3 el Seminario Internacional de Taekwondo"},"content":{"rendered":"<p>Con el objetivo de poner a la vanguardia a entrenadores y amantes al taekwondo, el Ayuntamiento de Morelia colabor\u00f3 en el seminario internacional de la WTU, impartido por el grand master de origen asi\u00e1tico Kyung Chan Kim, el cual es organizado por la World Taekwondo Union (WTU), en la cual participaron 60 integrantes de dicha agrupaci\u00f3n, cuya sede fueron las instalaciones del Instituto Tecnol\u00f3gico de Monterrey y Universidad Vasco de Quiroga.<\/p>\n<p>Gracias a los esfuerzos del Presidente Municipal de Morelia, Alfonso Mart\u00ednez Alc\u00e1zar, se logr\u00f3 contar con\u00a0 un foro de capacitaci\u00f3n deportiva, con la intenci\u00f3n de potenciar a la ciudad mediante entrenadores con una formaci\u00f3n de primer nivel, acci\u00f3n desarrollada a trav\u00e9s del Instituto Municipal de Cultura F\u00edsica y Deporte (IMDE).<\/p>\n<p>La cl\u00ednica enfocada hac\u00eda entrenadores y elementos en cintas roja y negra de la WTU, tuvo como objetivo, el actualizar conocimientos en la modalidad de formas, ante el surgimiento de 9 nuevas t\u00e9cnicas y la posibilidad de incluirlas dentro del programa ol\u00edmpico en un futuro.<\/p>\n<p>Kyung Chan Kim, encargado de impartir el seminario, es uno de los expertos en la modalidad de formas con mayor renombre en el mundo, al grado de poseer uno de los m\u00e1s altos rangos dentro del comit\u00e9 de esta especialidad en la Federaci\u00f3n Mundial de Taekwondo (WTF, por sus siglas en ingl\u00e9s).<\/p>\n<p>\u201cLa suma de esfuerzos para traer estos eventos que nos benefician a todos es muy importante, porque nuestro Alcalde, Alfonso Mart\u00ednez Alc\u00e1zar, reconoce la importancia de la capacitaci\u00f3n para tener las herramientas m\u00e1s actuales para la formaci\u00f3n de atletas y esto a la postre pondr\u00e1 en alto el nombre de nuestra ciudad, estado y pa\u00eds\u201d, afirm\u00f3 el Director General del IMDE, Gustavo Ju\u00e1rez Bedolla.<\/p>\n<p>El\u00a0 seminario gir\u00f3 en torno al desarrollo general, donde se vieron aspectos f\u00edsicos b\u00e1sicos, se imper\u00f3 en la importancia de fortalecer la concentraci\u00f3n y movimientos elementales.<\/p>\n<p>\u201cNuestro objetivo es lograr la unificaci\u00f3n de todos los nuevos conceptos, partiendo desde un punto medio para que el desarrollo sea parejo, se eleve el nivel t\u00e9cnico y permita que se trabaje mejor\u201d, mencion\u00f3 el ponente coreano Kyung Chan Kim.<\/p>\n<p>En el curso se cont\u00f3 con una asistencia de 60 personas provenientes de estados como Durango, Guerrero, Guanajuato, Baja California y por supuesto Michoac\u00e1n.<\/p>\n<p>Respecto a las diferencias de trabajo entre M\u00e9xico y Corea, uno de los pa\u00edses que mejor trabaja en esta disciplina en el planeta, el experto fue claro, al manifestar que despu\u00e9s de instaladas estas bases, en un plazo de alrededor de 3 a\u00f1os se podr\u00edan acortar distancias.<\/p>\n<p>\u201cEstas nuevas t\u00e9cnicas llevan mucho tiempo practic\u00e1ndose en Corea, por lo que es normal que exista una diferencia si se compara con M\u00e9xico y Morelia en particular, por lo que valoro que si trabajan y se apegan a la estructura que vamos a dejar a trav\u00e9s de este seminario, en alrededor de 3 a\u00f1os se podr\u00edan ver resultados en alta competencia\u201d, asever\u00f3 el grand master.<\/p>\n<p>La capacitaci\u00f3n cerr\u00f3 este d\u00eda, en las instalaciones de la Universidad Vasco de Quiroga, en donde se realizaron trabajos en estructuras especiales para los deportistas de cinta negra y roja, adem\u00e1s de los instructores y se dar\u00e1 un enfoque mucho m\u00e1s especializado.<\/p>\n","protected":false},"excerpt":{"rendered":"<p>Con el objetivo de poner a la vanguardia a entrenadores y amantes al taekwondo, el Ayuntamiento de Morelia colabor\u00f3 en el seminario internacional de la WTU, impartido por el grand master de origen asi\u00e1tico Kyung Chan Kim, el cual es organizado por la World Taekwondo Union, en la cual participaron 60 integrantes de dicha agrupaci\u00f3n, cuya sede fueron las instalaciones del Instituto Tecnol\u00f3gico de Monterrey y Universidad Vasco de Quiroga.<\/p>\n","protected":false},"author":1,"featured_media":27068,"comment_status":"open","ping_status":"open","sticky":false,"template":"","format":"standard","meta":{"footnotes":""},"categories":[14,9],"tags":[],"class_list":["post-27067","post","type-post","status-publish","format-standard","has-post-thumbnail","hentry","category-destacadas","category-morelia"],"_links":{"self":[{"href":"https:\/\/radiowebmx.com\/nota\/wp-json\/wp\/v2\/posts\/27067","targetHints":{"allow":["GET"]}}],"collection":[{"href":"https:\/\/radiowebmx.com\/nota\/wp-json\/wp\/v2\/posts"}],"about":[{"href":"https:\/\/radiowebmx.com\/nota\/wp-json\/wp\/v2\/types\/post"}],"author":[{"embeddable":true,"href":"https:\/\/radiowebmx.com\/nota\/wp-json\/wp\/v2\/users\/1"}],"replies":[{"embeddable":true,"href":"https:\/\/radiowebmx.com\/nota\/wp-json\/wp\/v2\/comments?post=27067"}],"version-history":[{"count":1,"href":"https:\/\/radiowebmx.com\/nota\/wp-json\/wp\/v2\/posts\/27067\/revisions"}],"predecessor-version":[{"id":27069,"href":"https:\/\/radiowebmx.com\/nota\/wp-json\/wp\/v2\/posts\/27067\/revisions\/27069"}],"wp:featuredmedia":[{"embeddable":true,"href":"https:\/\/radiowebmx.com\/nota\/wp-json\/wp\/v2\/media\/27068"}],"wp:attachment":[{"href":"https:\/\/radiowebmx.com\/nota\/wp-json\/wp\/v2\/media?parent=27067"}],"wp:term":[{"taxonomy":"category","embeddable":true,"href":"https:\/\/radiowebmx.com\/nota\/wp-json\/wp\/v2\/categories?post=27067"},{"taxonomy":"post_tag","embeddable":true,"href":"https:\/\/radiowebmx.com\/nota\/wp-json\/wp\/v2\/tags?post=27067"}],"curies":[{"name":"wp","href":"https:\/\/api.w.org\/{rel}","templated":true}]}}