{"id":27064,"date":"2016-10-31T12:39:11","date_gmt":"2016-10-31T18:39:11","guid":{"rendered":"https:\/\/radiowebmx.com\/nota\/?p=27064"},"modified":"2016-10-31T12:39:11","modified_gmt":"2016-10-31T18:39:11","slug":"dif-municipal-anuncia-la-segunda-carrera-atletica-infantil-cobijemos-morelia","status":"publish","type":"post","link":"https:\/\/radiowebmx.com\/nota\/dif-municipal-anuncia-la-segunda-carrera-atletica-infantil-cobijemos-morelia\/","title":{"rendered":"DIF Municipal anuncia la Segunda Carrera Atl\u00e9tica Infantil &#8220;Cobijemos Morelia&#8221;"},"content":{"rendered":"<p>Con la finalidad de promover la participaci\u00f3n ciudadana, la actividad f\u00edsica en los ni\u00f1os morelianos y detonar en la poblaci\u00f3n el deseo por ayudar a los m\u00e1s necesitados en la temporada invernal, el Ayuntamiento de Morelia, a trav\u00e9s del Sistema DIF Municipal, anunci\u00f3 la Segunda Carrera Atl\u00e9tica Infantil \u201cCobijemos Morelia\u201d, en la cual se pretende recabar cerca de 5 mil cobijas para posteriormente donarlas a los habitantes m\u00e1s necesitados.<\/p>\n<p>En rueda de prensa, y con la presencia de Paola Delgadillo de Mart\u00ednez, Presidenta Honoraria del Sistema DIF; Melissa V\u00e1zques P\u00e9rez, Encargada de Despacho del Sistema DIF Morelia; Luis Miguel Rodr\u00edguez Herrejon, Presidente de la Asociaci\u00f3n de Hoteles y Moteles de Morelia y el Regidor, F\u00e9lix Madrigal Pulido, el Presidente Municipal de Morelia, Alfonso Mart\u00ednez Alc\u00e1zar, dijo que con esta clase de actividades su Administraci\u00f3n busca exhortar y promover la participaci\u00f3n de la ciudadan\u00eda en la ayuda para los m\u00e1s necesitados.<\/p>\n<p>\u201cViene la \u00e9poca de frio y es necesario que las familias de bajos recursos tengan nuestra ayuda\u201d, dijo el Jefe de la Comuna Moreliana.<\/p>\n<p>Agreg\u00f3 que con este evento se podr\u00e1 adem\u00e1s promover la convivencia familiar en el Centro Hist\u00f3rico a trav\u00e9s del deporte, al tiempo que se da un paso adelante en la reactivaci\u00f3n econ\u00f3mica de los restaurantes del Primer Cuadro de la ciudad, los cuales ofrecer\u00e1n descuentos en sus productos a los inscritos a la carrera.<\/p>\n<p>Al respecto, subray\u00f3 el esfuerzo en conjunto realizado entre su Administraci\u00f3n y los representantes de la Asociaci\u00f3n de Hoteles y Moteles de Morelia, y la CANIRAC, con los cuales hay un trabajo en conjunto para ofrecer beneficios a los participantes en la noble tarea de ayudar a los m\u00e1s necesitados a trav\u00e9s de esta carrera.<\/p>\n<p>La Presidenta Honoraria del Sistema DIF Morelia, Paola Delgadillo de Mart\u00ednez, anunci\u00f3 que la Segunda Carrera Atl\u00e9tica Infantil \u201cCobijemos Morelia\u201d se llevar\u00e1 a cabo el s\u00e1bado 19 de Noviembre a las 8 de la ma\u00f1ana en la plaza Benito Ju\u00e1rez del Centro de Morelia, teniendo 4 categor\u00edas; la primera para ni\u00f1os de 3 a 4 a\u00f1os, misma en la cual se permitir\u00e1 que los participantes sean acompa\u00f1ados por un adulto; la segunda 5 a 6 a\u00f1os, la tercera ser\u00e1 para ni\u00f1os de 7 a 8 a\u00f1os y la cuarta para ni\u00f1os de 9, 10 y 11 a\u00f1os de edad.<\/p>\n<p>Resalt\u00f3 que adem\u00e1s de la intenci\u00f3n primordial del evento que es la recaudaci\u00f3n de cobijas a trav\u00e9s de la donaci\u00f3n de los inscritos a la carrera, esta conlleva adem\u00e1s la convivencia sana entre los participantes ya que se tratar\u00e1 de un evento meramente familiar e incluyente para ni\u00f1os con discapacidad.<\/p>\n<p>Puntualiz\u00f3 que en la carrera celebrada en el 2015, se recabaron aproximadamente 4 mil 800 cobijas y la meta para este a\u00f1o es igualar la cifra como m\u00ednimo, esperando superarla.<\/p>\n<p>En su intervenci\u00f3n, la Encargada de Despacho del Sistema DIF Morelia, Melissa V\u00e1zques P\u00e9rez, explic\u00f3 que las inscripciones a la carrera se podr\u00e1n realizar a trav\u00e9s del llenado de un formulario, ya sea en l\u00ednea a trav\u00e9s de la p\u00e1gina oficial del Ayuntamiento, la del DIF Municipal, o de manera f\u00edsica en los m\u00f3dulos ubicados en la plaza Benito Ju\u00e1rez, Palacio Municipal, Plaza Valladolid, Unidad Deportiva Morelos INDECO, oficinas centrales del DIF Morelia, Ludoteca del Bosque Cuauht\u00e9moc, Plaza Las Am\u00e9ricas y Plaza Morelia, que estar\u00e1n abiertos de 9:00 a 19:00 horas de lunes a viernes.<\/p>\n","protected":false},"excerpt":{"rendered":"<p>Con la finalidad de promover la participaci\u00f3n ciudadana, la actividad f\u00edsica en los ni\u00f1os morelianos y detonar en la poblaci\u00f3n el deseo por ayudar a los m\u00e1s necesitados en la temporada invernal, el Ayuntamiento de Morelia, a trav\u00e9s del Sistema DIF Municipal, anunci\u00f3 la Segunda Carrera Atl\u00e9tica Infantil \u201cCobijemos Morelia\u201d, en la cual se pretende recabar cerca de 5 mil cobijas para posteriormente donarlas a los habitantes m\u00e1s necesitados.<\/p>\n","protected":false},"author":1,"featured_media":27065,"comment_status":"open","ping_status":"open","sticky":false,"template":"","format":"standard","meta":{"footnotes":""},"categories":[14,9],"tags":[],"class_list":["post-27064","post","type-post","status-publish","format-standard","has-post-thumbnail","hentry","category-destacadas","category-morelia"],"_links":{"self":[{"href":"https:\/\/radiowebmx.com\/nota\/wp-json\/wp\/v2\/posts\/27064","targetHints":{"allow":["GET"]}}],"collection":[{"href":"https:\/\/radiowebmx.com\/nota\/wp-json\/wp\/v2\/posts"}],"about":[{"href":"https:\/\/radiowebmx.com\/nota\/wp-json\/wp\/v2\/types\/post"}],"author":[{"embeddable":true,"href":"https:\/\/radiowebmx.com\/nota\/wp-json\/wp\/v2\/users\/1"}],"replies":[{"embeddable":true,"href":"https:\/\/radiowebmx.com\/nota\/wp-json\/wp\/v2\/comments?post=27064"}],"version-history":[{"count":1,"href":"https:\/\/radiowebmx.com\/nota\/wp-json\/wp\/v2\/posts\/27064\/revisions"}],"predecessor-version":[{"id":27066,"href":"https:\/\/radiowebmx.com\/nota\/wp-json\/wp\/v2\/posts\/27064\/revisions\/27066"}],"wp:featuredmedia":[{"embeddable":true,"href":"https:\/\/radiowebmx.com\/nota\/wp-json\/wp\/v2\/media\/27065"}],"wp:attachment":[{"href":"https:\/\/radiowebmx.com\/nota\/wp-json\/wp\/v2\/media?parent=27064"}],"wp:term":[{"taxonomy":"category","embeddable":true,"href":"https:\/\/radiowebmx.com\/nota\/wp-json\/wp\/v2\/categories?post=27064"},{"taxonomy":"post_tag","embeddable":true,"href":"https:\/\/radiowebmx.com\/nota\/wp-json\/wp\/v2\/tags?post=27064"}],"curies":[{"name":"wp","href":"https:\/\/api.w.org\/{rel}","templated":true}]}}