{"id":27061,"date":"2016-10-31T12:37:23","date_gmt":"2016-10-31T18:37:23","guid":{"rendered":"https:\/\/radiowebmx.com\/nota\/?p=27061"},"modified":"2016-10-31T12:37:23","modified_gmt":"2016-10-31T18:37:23","slug":"catrinas-vivientes-llenan-de-color-la-calzada-fray-antonio-de-san-miguel","status":"publish","type":"post","link":"https:\/\/radiowebmx.com\/nota\/catrinas-vivientes-llenan-de-color-la-calzada-fray-antonio-de-san-miguel\/","title":{"rendered":"Catrinas Vivientes llenan de color la calzada Fray Antonio de San Miguel"},"content":{"rendered":"<p>Como parte de la vasta oferta de actividades que ha preparado el Ayuntamiento de Morelia para habitantes y turistas, en el marco de la celebraci\u00f3n del D\u00eda de Muertos, la Secretar\u00eda de Turismo Municipal en conjunto con el Instituto INNARDI, inaugur\u00f3 este s\u00e1bado una exhibici\u00f3n de catrinas vivientes que llenaron de color este s\u00e1bado 29 y estar\u00e1n presentes el martes 02 de noviembre, en la calzada Fray Antonio de San Miguel.<\/p>\n<p>El Director de Promoci\u00f3n Tur\u00edstica de la Secretar\u00eda de Turismo Municipal, Paulo Torres, inform\u00f3 que el citado centro educativo a trav\u00e9s de la carrera de Dise\u00f1o de Modas, present\u00f3 15 modelos de catrinas, de las cuales 8 de ellas representan en su decoraci\u00f3n al mismo n\u00famero de pueblos m\u00e1gicos que hay en el estado de Michoac\u00e1n.<\/p>\n<p>Puntualiz\u00f3 que los backs en donde posan las catrinas vivientes fueron aportados por la dependencia municipal y agreg\u00f3 que con esta clase de actividades se busca el involucramiento y cooperaci\u00f3n de las escuelas de moda de la ciudad, en actividades tur\u00edsticas que abonen a la afluencia tur\u00edstica en la importante calzada moreliana.<\/p>\n<p>Asimismo, record\u00f3 a la ciudadan\u00eda que este domingo en el mismo lugar, 9 artistas morelianos egresados de la UMSNH y de la Escuela de Bellas Artes presentar\u00e1n unas calaveras de m\u00e1s de un metro de altura, actividad que reforzar\u00e1 la belleza y el colorido ofertado desde este s\u00e1bado en el centro de la Capital Michoacana.<\/p>\n<p>Concluy\u00f3 informando que el d\u00eda lunes primero de noviembre, los alumnos de la carrera de arquitectura de la UMSNH presentar\u00e1n sus obras correspondientes a la fecha.<\/p>\n","protected":false},"excerpt":{"rendered":"<p>la Secretar\u00eda de Turismo Municipal en conjunto con el Instituto INNARDI, inaugur\u00f3 este s\u00e1bado una exhibici\u00f3n de catrinas vivientes que llenaron de color este s\u00e1bado 29 y estar\u00e1n presentes el martes 02 de noviembre, en la calzada Fray Antonio de San Miguel.<\/p>\n","protected":false},"author":1,"featured_media":27062,"comment_status":"open","ping_status":"open","sticky":false,"template":"","format":"standard","meta":{"footnotes":""},"categories":[14,9],"tags":[],"class_list":["post-27061","post","type-post","status-publish","format-standard","has-post-thumbnail","hentry","category-destacadas","category-morelia"],"_links":{"self":[{"href":"https:\/\/radiowebmx.com\/nota\/wp-json\/wp\/v2\/posts\/27061","targetHints":{"allow":["GET"]}}],"collection":[{"href":"https:\/\/radiowebmx.com\/nota\/wp-json\/wp\/v2\/posts"}],"about":[{"href":"https:\/\/radiowebmx.com\/nota\/wp-json\/wp\/v2\/types\/post"}],"author":[{"embeddable":true,"href":"https:\/\/radiowebmx.com\/nota\/wp-json\/wp\/v2\/users\/1"}],"replies":[{"embeddable":true,"href":"https:\/\/radiowebmx.com\/nota\/wp-json\/wp\/v2\/comments?post=27061"}],"version-history":[{"count":1,"href":"https:\/\/radiowebmx.com\/nota\/wp-json\/wp\/v2\/posts\/27061\/revisions"}],"predecessor-version":[{"id":27063,"href":"https:\/\/radiowebmx.com\/nota\/wp-json\/wp\/v2\/posts\/27061\/revisions\/27063"}],"wp:featuredmedia":[{"embeddable":true,"href":"https:\/\/radiowebmx.com\/nota\/wp-json\/wp\/v2\/media\/27062"}],"wp:attachment":[{"href":"https:\/\/radiowebmx.com\/nota\/wp-json\/wp\/v2\/media?parent=27061"}],"wp:term":[{"taxonomy":"category","embeddable":true,"href":"https:\/\/radiowebmx.com\/nota\/wp-json\/wp\/v2\/categories?post=27061"},{"taxonomy":"post_tag","embeddable":true,"href":"https:\/\/radiowebmx.com\/nota\/wp-json\/wp\/v2\/tags?post=27061"}],"curies":[{"name":"wp","href":"https:\/\/api.w.org\/{rel}","templated":true}]}}