{"id":27054,"date":"2016-10-28T13:24:52","date_gmt":"2016-10-28T18:24:52","guid":{"rendered":"https:\/\/radiowebmx.com\/nota\/?p=27054"},"modified":"2016-10-28T13:24:52","modified_gmt":"2016-10-28T18:24:52","slug":"presidente-en-tu-colonia-se-consolida-como-el-vinculo-de-comunicacion-directa-con-los-morelianos-alfonso-martinez","status":"publish","type":"post","link":"https:\/\/radiowebmx.com\/nota\/presidente-en-tu-colonia-se-consolida-como-el-vinculo-de-comunicacion-directa-con-los-morelianos-alfonso-martinez\/","title":{"rendered":"Presidente en Tu Colonia se consolida como el v\u00ednculo de comunicaci\u00f3n directa con los morelianos: Alfonso Mart\u00ednez"},"content":{"rendered":"<p>El programa \u201cPresidente en Tu Colonia\u201d se consolida como el espacio ideal para que el Gabinete, encabezado por el Alcalde, Alfonso Mart\u00ednez Alc\u00e1zar, atienda de manera directa a los morelianos y se estrechen lazos de trabajo en donde juntos mejoren el entorno.<\/p>\n<p>Luego de que en marzo del presente a\u00f1o iniciara este programa municipal, el corte es de poco m\u00e1s de 7 mil personas atendidas a lo largo de las 14 colonias y Tenencias que ha visitado el equipo de Regidores, Secretarios, Directores y Jefes de Departamento.<\/p>\n<p>Alfonso Mart\u00ednez, destac\u00f3 que por las caracter\u00edsticas de Presidente en Tu Colonia, los morelianos reciben una atenci\u00f3n personalizada y respuestas puntuales a las necesidades que plantean, \u201cla mayor\u00eda de las cuestiones que exponen, son resueltas de inmediato por las instancias presentes y el resto reciben un seguimiento preciso al requerir la participaci\u00f3n de otros niveles de Gobierno\u201d, se\u00f1al\u00f3.<\/p>\n<p>El Presidente Municipal reconoci\u00f3 la gran participaci\u00f3n de la ciudadan\u00eda a este innovador programa, ya que se ha llegado a zonas en donde jam\u00e1s una autoridad local hab\u00eda llegado.<\/p>\n<p>\u201cPara este Gobierno es fundamental salir de las oficinas y trasladarnos a los lugares en donde existen temas que atender, ya que s\u00f3lo as\u00ed podemos conocer en qu\u00e9 y c\u00f3mo trabajar para otorgar un beneficio que de verdad incida positivamente en el bienestar de los morelianos\u201d.<\/p>\n","protected":false},"excerpt":{"rendered":"<p>El programa \u201cPresidente en Tu Colonia\u201d se consolida como el espacio ideal para que el Gabinete, encabezado por el Alcalde, Alfonso Mart\u00ednez Alc\u00e1zar, atienda de manera directa a los morelianos y se estrechen lazos de trabajo en donde juntos mejoren el entorno.<\/p>\n","protected":false},"author":1,"featured_media":27055,"comment_status":"open","ping_status":"open","sticky":false,"template":"","format":"standard","meta":{"footnotes":""},"categories":[14,9],"tags":[],"class_list":["post-27054","post","type-post","status-publish","format-standard","has-post-thumbnail","hentry","category-destacadas","category-morelia"],"_links":{"self":[{"href":"https:\/\/radiowebmx.com\/nota\/wp-json\/wp\/v2\/posts\/27054","targetHints":{"allow":["GET"]}}],"collection":[{"href":"https:\/\/radiowebmx.com\/nota\/wp-json\/wp\/v2\/posts"}],"about":[{"href":"https:\/\/radiowebmx.com\/nota\/wp-json\/wp\/v2\/types\/post"}],"author":[{"embeddable":true,"href":"https:\/\/radiowebmx.com\/nota\/wp-json\/wp\/v2\/users\/1"}],"replies":[{"embeddable":true,"href":"https:\/\/radiowebmx.com\/nota\/wp-json\/wp\/v2\/comments?post=27054"}],"version-history":[{"count":1,"href":"https:\/\/radiowebmx.com\/nota\/wp-json\/wp\/v2\/posts\/27054\/revisions"}],"predecessor-version":[{"id":27056,"href":"https:\/\/radiowebmx.com\/nota\/wp-json\/wp\/v2\/posts\/27054\/revisions\/27056"}],"wp:featuredmedia":[{"embeddable":true,"href":"https:\/\/radiowebmx.com\/nota\/wp-json\/wp\/v2\/media\/27055"}],"wp:attachment":[{"href":"https:\/\/radiowebmx.com\/nota\/wp-json\/wp\/v2\/media?parent=27054"}],"wp:term":[{"taxonomy":"category","embeddable":true,"href":"https:\/\/radiowebmx.com\/nota\/wp-json\/wp\/v2\/categories?post=27054"},{"taxonomy":"post_tag","embeddable":true,"href":"https:\/\/radiowebmx.com\/nota\/wp-json\/wp\/v2\/tags?post=27054"}],"curies":[{"name":"wp","href":"https:\/\/api.w.org\/{rel}","templated":true}]}}