{"id":27045,"date":"2016-10-28T12:56:42","date_gmt":"2016-10-28T17:56:42","guid":{"rendered":"https:\/\/radiowebmx.com\/nota\/?p=27045"},"modified":"2016-10-28T12:56:42","modified_gmt":"2016-10-28T17:56:42","slug":"renueva-y-amplia-sedesol-red-de-estancias-infantiles","status":"publish","type":"post","link":"https:\/\/radiowebmx.com\/nota\/renueva-y-amplia-sedesol-red-de-estancias-infantiles\/","title":{"rendered":"Renueva y ampl\u00eda Sedesol red de Estancias Infantiles"},"content":{"rendered":"<p class=\"x_MsoNormal\">Morelia Mich.- a 27 de octubre del 2016.- Con la apertura de 19 centros de cuidado infantil en zonas de alta marginaci\u00f3n en apoyo a madres jornaleras, obreras y prestadoras de servicios, la Secretaria de Desarrollo Social subsidia a 341 Estancias Infantiles en Michoac\u00e1n, lo que permite atender a m\u00e1s de 11 mil menores hijos de familias que no cuentan con seguridad social.<\/p>\n<p class=\"x_MsoNormal\">El Secretario Luis Enrique Miranda Nava impulsa la estrategia Ni\u00f1ez con Desarrollo Sedesol, a trav\u00e9s de la cual se hace entrega de 3.2 millones de pesos para la adecuaci\u00f3n y modernizaci\u00f3n de las 322 Estancias Infantiles con que se contaba en 2015.<\/p>\n<p class=\"x_MsoNormal\">As\u00ed lo dio a conocer V\u00edctor Tapia Casta\u00f1eda delegado de la Sedesol en la entidad, al se\u00f1alar que derivado del trabajo de campo junto a los alcaldes, se localizaron centros de trabajo en municipios en donde no se contaba con el servicio de cuidados infantiles profesionales.<\/p>\n<p class=\"x_MsoNormal\">Ante este panorama, fue necesaria la valoraci\u00f3n psicopedag\u00f3gica y la capacitaci\u00f3n de 19 Responsables que cumplieron con los criterios de calidad para el cuidado y desarrollo infantil, a las cuales que se les entreg\u00f3 70 mil pesos para la adecuaci\u00f3n de acuerdo a las normas de seguridad y desarrollo con que cuenta la dependencia federal.<\/p>\n<p class=\"x_MsoNormal\">Estas 19 Estancias Infantiles que se apertura en 2016 y se ubican en 16 municipios caracterizados por la reconstrucci\u00f3n del tejido social y el trabajo agr\u00edcola. En Buenavista Tomatl\u00e1n se abren centros en la cabecera y en la tenencia de Felipe Carrillo (La Ruana), en Apatzing\u00e1n en Cenobio Moreno (Las Colonias), en San Lucas, Jacon\u00e1, Tangancicuaro y Coahuayana.<\/p>\n<p class=\"x_MsoNormal\">Otros municipios que por a\u00f1os hab\u00edan solicitado el servicio y hoy lo obtuvieron son: Irimbo, Tuzantla, Salvador Escalante, Paracho, Panindicuaro, Coeneo, Senguio, La Huacana, Nuevo Parangaricutiro y Penjamillo, en conjunto estas nuevas Estancias arrancan con el cuidado de 500 menores.<\/p>\n<p class=\"x_MsoNormal\">Tapia Casta\u00f1eda destac\u00f3 que se ha hecho un trabajo para desconcentrar los servicios de la capital michoacana y los centros urbanos en donde se tiene una amplia cobertura, para llevarlos a lugares cercanos a los empaques, campos de agr\u00edcolas, talleres manufactureros y artesanales, \u00a0para lo que fue necesario invertir un mill\u00f3n 330 mil pesos.<\/p>\n","protected":false},"excerpt":{"rendered":"<p> Con la apertura de 19 centros de cuidado infantil en zonas de alta marginaci\u00f3n en apoyo a madres jornaleras, obreras y prestadoras de servicios, la Secretaria de Desarrollo Social subsidia a 341 Estancias Infantiles en Michoac\u00e1n, lo que permite atender a m\u00e1s de 11 mil menores hijos de familias que no cuentan con seguridad social.<\/p>\n","protected":false},"author":1,"featured_media":27046,"comment_status":"open","ping_status":"open","sticky":false,"template":"","format":"standard","meta":{"footnotes":""},"categories":[14,3],"tags":[],"class_list":["post-27045","post","type-post","status-publish","format-standard","has-post-thumbnail","hentry","category-destacadas","category-gobierno-del-estado-de-michoacan"],"_links":{"self":[{"href":"https:\/\/radiowebmx.com\/nota\/wp-json\/wp\/v2\/posts\/27045","targetHints":{"allow":["GET"]}}],"collection":[{"href":"https:\/\/radiowebmx.com\/nota\/wp-json\/wp\/v2\/posts"}],"about":[{"href":"https:\/\/radiowebmx.com\/nota\/wp-json\/wp\/v2\/types\/post"}],"author":[{"embeddable":true,"href":"https:\/\/radiowebmx.com\/nota\/wp-json\/wp\/v2\/users\/1"}],"replies":[{"embeddable":true,"href":"https:\/\/radiowebmx.com\/nota\/wp-json\/wp\/v2\/comments?post=27045"}],"version-history":[{"count":1,"href":"https:\/\/radiowebmx.com\/nota\/wp-json\/wp\/v2\/posts\/27045\/revisions"}],"predecessor-version":[{"id":27047,"href":"https:\/\/radiowebmx.com\/nota\/wp-json\/wp\/v2\/posts\/27045\/revisions\/27047"}],"wp:featuredmedia":[{"embeddable":true,"href":"https:\/\/radiowebmx.com\/nota\/wp-json\/wp\/v2\/media\/27046"}],"wp:attachment":[{"href":"https:\/\/radiowebmx.com\/nota\/wp-json\/wp\/v2\/media?parent=27045"}],"wp:term":[{"taxonomy":"category","embeddable":true,"href":"https:\/\/radiowebmx.com\/nota\/wp-json\/wp\/v2\/categories?post=27045"},{"taxonomy":"post_tag","embeddable":true,"href":"https:\/\/radiowebmx.com\/nota\/wp-json\/wp\/v2\/tags?post=27045"}],"curies":[{"name":"wp","href":"https:\/\/api.w.org\/{rel}","templated":true}]}}