{"id":27042,"date":"2016-10-28T12:39:50","date_gmt":"2016-10-28T17:39:50","guid":{"rendered":"https:\/\/radiowebmx.com\/nota\/?p=27042"},"modified":"2016-10-28T12:39:50","modified_gmt":"2016-10-28T17:39:50","slug":"invita-gobernador-a-hacer-de-mexico-una-nacion-mas-democratica-justa-incluyente-y-participativa","status":"publish","type":"post","link":"https:\/\/radiowebmx.com\/nota\/invita-gobernador-a-hacer-de-mexico-una-nacion-mas-democratica-justa-incluyente-y-participativa\/","title":{"rendered":"Invita Gobernador a hacer de M\u00e9xico una naci\u00f3n m\u00e1s democr\u00e1tica, justa, incluyente y participativa"},"content":{"rendered":"<p>A hacer de M\u00e9xico una naci\u00f3n m\u00e1s democr\u00e1tica, incluyente y participativa, invit\u00f3 el Gobernador Constitucional Silvano Aureoles Conejo al inaugurar la IX Asamblea Plenaria de la Conferencia Permanente de Congresos Locales (Copecol) Michoac\u00e1n 2016.<\/p>\n","protected":false},"excerpt":{"rendered":"<p>A hacer de M\u00e9xico una naci\u00f3n m\u00e1s democr\u00e1tica, incluyente y participativa, invit\u00f3 el Gobernador Constitucional Silvano Aureoles Conejo al inaugurar la IX Asamblea Plenaria de la Conferencia Permanente de Congresos Locales (Copecol) Michoac\u00e1n 2016.<\/p>\n","protected":false},"author":1,"featured_media":27043,"comment_status":"open","ping_status":"open","sticky":false,"template":"","format":"standard","meta":{"footnotes":""},"categories":[14,3],"tags":[],"class_list":["post-27042","post","type-post","status-publish","format-standard","has-post-thumbnail","hentry","category-destacadas","category-gobierno-del-estado-de-michoacan"],"_links":{"self":[{"href":"https:\/\/radiowebmx.com\/nota\/wp-json\/wp\/v2\/posts\/27042","targetHints":{"allow":["GET"]}}],"collection":[{"href":"https:\/\/radiowebmx.com\/nota\/wp-json\/wp\/v2\/posts"}],"about":[{"href":"https:\/\/radiowebmx.com\/nota\/wp-json\/wp\/v2\/types\/post"}],"author":[{"embeddable":true,"href":"https:\/\/radiowebmx.com\/nota\/wp-json\/wp\/v2\/users\/1"}],"replies":[{"embeddable":true,"href":"https:\/\/radiowebmx.com\/nota\/wp-json\/wp\/v2\/comments?post=27042"}],"version-history":[{"count":1,"href":"https:\/\/radiowebmx.com\/nota\/wp-json\/wp\/v2\/posts\/27042\/revisions"}],"predecessor-version":[{"id":27044,"href":"https:\/\/radiowebmx.com\/nota\/wp-json\/wp\/v2\/posts\/27042\/revisions\/27044"}],"wp:featuredmedia":[{"embeddable":true,"href":"https:\/\/radiowebmx.com\/nota\/wp-json\/wp\/v2\/media\/27043"}],"wp:attachment":[{"href":"https:\/\/radiowebmx.com\/nota\/wp-json\/wp\/v2\/media?parent=27042"}],"wp:term":[{"taxonomy":"category","embeddable":true,"href":"https:\/\/radiowebmx.com\/nota\/wp-json\/wp\/v2\/categories?post=27042"},{"taxonomy":"post_tag","embeddable":true,"href":"https:\/\/radiowebmx.com\/nota\/wp-json\/wp\/v2\/tags?post=27042"}],"curies":[{"name":"wp","href":"https:\/\/api.w.org\/{rel}","templated":true}]}}