{"id":27026,"date":"2016-10-28T12:02:34","date_gmt":"2016-10-28T17:02:34","guid":{"rendered":"https:\/\/radiowebmx.com\/nota\/?p=27026"},"modified":"2016-10-28T12:02:34","modified_gmt":"2016-10-28T17:02:34","slug":"continua-sedena-labor-social-en-apoyo-a-michoacanos","status":"publish","type":"post","link":"https:\/\/radiowebmx.com\/nota\/continua-sedena-labor-social-en-apoyo-a-michoacanos\/","title":{"rendered":"Contin\u00faa Sedena labor social en apoyo a michoacanos"},"content":{"rendered":"<p><strong>Morelia, Michoac\u00e1n, a 27 de octubre de 2016.-<\/strong> Como parte de las acciones que emprende la Secretar\u00eda de la Defensa Nacional, para coadyuvar con el Gobierno del Estado y los Municipios en la reconstrucci\u00f3n del tejido social, elementos adscritos a la 21 Zona Militar emprendieron tareas de apoyo a la poblaci\u00f3n con atenci\u00f3n m\u00e9dica, odontol\u00f3gica y cortes de cabello totalmente gratuitos.<\/p>\n<p>Durante cinco d\u00edas, los integrantes de la Sedena recorrieron comunidades de alta marginaci\u00f3n pertenecientes a los municipios de Contepec, Los Reyes y Ario de Rosales, para prestar los servicios antes citados en coordinaci\u00f3n con las autoridades locales, contabilizando cerca de mil acciones en beneficio de casi igual n\u00famero de michoacanos y michoacanas.<\/p>\n<p>De acuerdo a cada jurisdicci\u00f3n de zona, el 12\u00ba, 17\u00ba y 5\u00ba Batallones de Infanter\u00eda, pertenecientes a Morelia, Zamora y Tac\u00e1mbaro, respectivamente, acudieron a las localidades de Agua Caliente, en Contepec; Atapan, municipio de Los Reyes y Tan\u00e1cuaro, en Ario de Rosales.<\/p>\n<p>En total, realizaron 291 consultas m\u00e9dicas, 47 servicios odontol\u00f3gicos, 551 dotaciones de medicamento, una decena de chequeos m\u00e9dicos generales y una curaci\u00f3n, entre otros.<\/p>\n<p>Estas labores tienen el objetivo primordial de mejorar las condiciones de bienestar de la poblaci\u00f3n civil enmarcadas en la meta nacional \u201cUn M\u00e9xico en paz\u201d, establecida\u00a0en\u00a0el Plan Nacional de Desarrollo 2013-2018.<\/p>\n","protected":false},"excerpt":{"rendered":"<p>Como parte de las acciones que emprende la Secretar\u00eda de la Defensa Nacional, para coadyuvar con el Gobierno del Estado y los Municipios en la reconstrucci\u00f3n del tejido social, elementos adscritos a la 21 Zona Militar emprendieron tareas de apoyo a la poblaci\u00f3n con atenci\u00f3n m\u00e9dica, odontol\u00f3gica y cortes de cabello totalmente gratuitos.<\/p>\n","protected":false},"author":1,"featured_media":27027,"comment_status":"open","ping_status":"open","sticky":false,"template":"","format":"standard","meta":{"footnotes":""},"categories":[14,3],"tags":[],"class_list":["post-27026","post","type-post","status-publish","format-standard","has-post-thumbnail","hentry","category-destacadas","category-gobierno-del-estado-de-michoacan"],"_links":{"self":[{"href":"https:\/\/radiowebmx.com\/nota\/wp-json\/wp\/v2\/posts\/27026","targetHints":{"allow":["GET"]}}],"collection":[{"href":"https:\/\/radiowebmx.com\/nota\/wp-json\/wp\/v2\/posts"}],"about":[{"href":"https:\/\/radiowebmx.com\/nota\/wp-json\/wp\/v2\/types\/post"}],"author":[{"embeddable":true,"href":"https:\/\/radiowebmx.com\/nota\/wp-json\/wp\/v2\/users\/1"}],"replies":[{"embeddable":true,"href":"https:\/\/radiowebmx.com\/nota\/wp-json\/wp\/v2\/comments?post=27026"}],"version-history":[{"count":1,"href":"https:\/\/radiowebmx.com\/nota\/wp-json\/wp\/v2\/posts\/27026\/revisions"}],"predecessor-version":[{"id":27028,"href":"https:\/\/radiowebmx.com\/nota\/wp-json\/wp\/v2\/posts\/27026\/revisions\/27028"}],"wp:featuredmedia":[{"embeddable":true,"href":"https:\/\/radiowebmx.com\/nota\/wp-json\/wp\/v2\/media\/27027"}],"wp:attachment":[{"href":"https:\/\/radiowebmx.com\/nota\/wp-json\/wp\/v2\/media?parent=27026"}],"wp:term":[{"taxonomy":"category","embeddable":true,"href":"https:\/\/radiowebmx.com\/nota\/wp-json\/wp\/v2\/categories?post=27026"},{"taxonomy":"post_tag","embeddable":true,"href":"https:\/\/radiowebmx.com\/nota\/wp-json\/wp\/v2\/tags?post=27026"}],"curies":[{"name":"wp","href":"https:\/\/api.w.org\/{rel}","templated":true}]}}