{"id":2694,"date":"2013-05-27T10:59:19","date_gmt":"2013-05-27T15:59:19","guid":{"rendered":"https:\/\/radiowebmx.com\/nota\/?p=2694"},"modified":"2013-05-27T10:59:19","modified_gmt":"2013-05-27T15:59:19","slug":"ayuntamiento-preparado-para-atender-contingencias-por-lluvias-2","status":"publish","type":"post","link":"https:\/\/radiowebmx.com\/nota\/ayuntamiento-preparado-para-atender-contingencias-por-lluvias-2\/","title":{"rendered":"Ayuntamiento, preparado para atender contingencias por lluvias"},"content":{"rendered":"<p><a href=\"https:\/\/radiowebmx.com\/nota\/wp-content\/uploads\/2013\/05\/contingencias-13.jpg\"><img loading=\"lazy\" decoding=\"async\" class=\"alignleft size-full wp-image-2695\" title=\"contingencias (13)\" src=\"https:\/\/radiowebmx.com\/nota\/wp-content\/uploads\/2013\/05\/contingencias-13.jpg\" alt=\"\" width=\"591\" height=\"262\" \/><\/a>Con la instalaci\u00f3n del Comit\u00e9 de Contingencias para la Temporada de Lluvias 2013, el Ayuntamiento de Morelia se encuentra preparado para atender cualquier\u00a0 inundaci\u00f3n y tormenta que afecte a los ciudadanos en la presente temporada de huracanes, asegur\u00f3 el presidente municipal, Wilfrido L\u00e1zaro Medina.<\/p>\n<p>Numeralia.<br \/>\n-24 horas estar\u00e1 vigilante el Ayuntamiento para actuar en caso de emergencia<br \/>\n-100 trabajadores operativos y secretarios en alerta en esta temporada<br \/>\n-60 puntos con riesgo de inundaci\u00f3n en Morelia<br \/>\n-35 puntos de alto riesgo de enfrentar contingencia<\/p>\n","protected":false},"excerpt":{"rendered":"<p>Con la instalaci\u00f3n del Comit\u00e9 de Contingencias para la Temporada de Lluvias 2013, el Ayuntamiento de Morelia se encuentra preparado para atender cualquier  inundaci\u00f3n y tormenta que afecte a los ciudadanos en la presente temporada de huracanes, asegur\u00f3 el presidente municipal, Wilfrido L\u00e1zaro Medina.<\/p>\n","protected":false},"author":1,"featured_media":0,"comment_status":"open","ping_status":"open","sticky":false,"template":"","format":"standard","meta":{"footnotes":""},"categories":[14,9],"tags":[],"class_list":["post-2694","post","type-post","status-publish","format-standard","hentry","category-destacadas","category-morelia"],"_links":{"self":[{"href":"https:\/\/radiowebmx.com\/nota\/wp-json\/wp\/v2\/posts\/2694","targetHints":{"allow":["GET"]}}],"collection":[{"href":"https:\/\/radiowebmx.com\/nota\/wp-json\/wp\/v2\/posts"}],"about":[{"href":"https:\/\/radiowebmx.com\/nota\/wp-json\/wp\/v2\/types\/post"}],"author":[{"embeddable":true,"href":"https:\/\/radiowebmx.com\/nota\/wp-json\/wp\/v2\/users\/1"}],"replies":[{"embeddable":true,"href":"https:\/\/radiowebmx.com\/nota\/wp-json\/wp\/v2\/comments?post=2694"}],"version-history":[{"count":1,"href":"https:\/\/radiowebmx.com\/nota\/wp-json\/wp\/v2\/posts\/2694\/revisions"}],"predecessor-version":[{"id":2696,"href":"https:\/\/radiowebmx.com\/nota\/wp-json\/wp\/v2\/posts\/2694\/revisions\/2696"}],"wp:attachment":[{"href":"https:\/\/radiowebmx.com\/nota\/wp-json\/wp\/v2\/media?parent=2694"}],"wp:term":[{"taxonomy":"category","embeddable":true,"href":"https:\/\/radiowebmx.com\/nota\/wp-json\/wp\/v2\/categories?post=2694"},{"taxonomy":"post_tag","embeddable":true,"href":"https:\/\/radiowebmx.com\/nota\/wp-json\/wp\/v2\/tags?post=2694"}],"curies":[{"name":"wp","href":"https:\/\/api.w.org\/{rel}","templated":true}]}}