{"id":26908,"date":"2016-10-24T10:09:36","date_gmt":"2016-10-24T15:09:36","guid":{"rendered":"https:\/\/radiowebmx.com\/nota\/?p=26908"},"modified":"2016-10-24T10:09:36","modified_gmt":"2016-10-24T15:09:36","slug":"alfonso-martinez-proyecta-artesanias-de-capula-a-nivel-internacional","status":"publish","type":"post","link":"https:\/\/radiowebmx.com\/nota\/alfonso-martinez-proyecta-artesanias-de-capula-a-nivel-internacional\/","title":{"rendered":"Alfonso Mart\u00ednez proyecta artesan\u00edas de Capula a nivel internacional"},"content":{"rendered":"<p>En este Gobierno Municipal queremos que Capula traspase las barreras internacionales del arte y la cultura, por medio de sus artesan\u00edas, por ello, encaminamos esfuerzos para que est\u00e1 Tenencia sea cada vez m\u00e1s conocida y se fortalezca su econom\u00eda local, subray\u00f3 el Presidente Municipal de Morelia, Alfonso Mart\u00ednez Alc\u00e1zar, durante la inauguraci\u00f3n oficial de la sexta edici\u00f3n de la Expo Feria Nacional, Artesanal y Cultural de la Catrina y de la Ceremonia de Premiaci\u00f3n del IV Concurso Artesanal de Catrinas.<\/p>\n<p>Ante la Secretaria de Cultura estatal, Silvia Figueroa Zamudio, la Secretaria de Turismo municipal Thelma Aquique Arrieta, as\u00ed como cientos de pobladores y visitantes que se dieron cita en la Plaza Principal de dicha localidad, el Alcalde hizo hincapi\u00e9 en el compromiso especial de la Administraci\u00f3n que preside, por seguir impulsando el desarrollo de Capula en todos los \u00e1mbitos.<\/p>\n<p>&#8220;Para nosotros es un honor continuar reforzando esta feria para que cada vez salga mejor y venga m\u00e1s gente a dejar una mayor derrama econ\u00f3mica, por eso estamos muy comprometidos y seguiremos ech\u00e1ndole ganas para que siga creciendo la Tenencia&#8221;, detall\u00f3 en compa\u00f1\u00eda tambi\u00e9n del presidente del Comit\u00e9 Organizador de la Feria, Gumaro Acosta Medina; el Jefe de Tenencia, Humberto Trujillo Neri; as\u00ed como el destacado artesano, Juan Torres.<\/p>\n<p>En este rubro, Mart\u00ednez Alc\u00e1zar resalt\u00f3 que Capula estar\u00e1 presente la Cuarta Feria Tricontinental de Artesan\u00eda que se realizar\u00e1 del 29 de octubre al 6 de noviembre en Tenerife, Espa\u00f1a; &#8220;tres continentes, \u00c1frica, Europa y Am\u00e9rica, se van a unir para mostrar las bellezas art\u00edsticas y donde un artesano de esta localidad formar\u00e1 parte de la comitiva de 150 expositores del todo el mundo\u201d.<\/p>\n<p>Finalmente, invit\u00f3 a morelianos y turistas a ser parte de la sexta edici\u00f3n de la Feria de la Catrina, en la que adem\u00e1s de los 200 artesanos que exhiben sus mejores piezas, 50 stands de gastronom\u00eda hacen gala de los tradicionales antojitos mexicanos.<\/p>\n<p>En su oportunidad, la Secretaria de Cultura, Silvia Figueroa, reconoci\u00f3 el esfuerzo del Ayuntamiento capitalino por conservar las costumbres michoacanas e impulsar la artesan\u00eda local, refiri\u00f3 que acciones c\u00f3mo est\u00e1s fortalecen la cultura e identidad de Morelia.<\/p>\n<p>Por su parte, el Jefe de Tenencia de Capula, Humberto Trujillo agradeci\u00f3 el apoyo del Gobierno Municipal por coadyuvar a la realizaci\u00f3n de una edici\u00f3n m\u00e1s de la Feria e invit\u00f3 a la poblaci\u00f3n a no perderse el m\u00e1ximo escaparate artesanal de la localidad.<\/p>\n<p>En su oportunidad, Gumano Acosta, presidente del Comit\u00e9 Organizados, enfatiz\u00f3 que Capula es un pueblo de hombres y mujeres trabajadores que cada vez diversifica m\u00e1s su oferta artesanal, para ofrecer productos originales y de calidad a los visitantes.<\/p>\n<p>Cabe mencionar, que en este contexto se hizo la entrega simb\u00f3lica de premios a los ganadores del Cuarto Concurso, entre los que resaltan Lorena Esmeralda Arroyo P\u00e9rez, quien con la Catrina con Ofrenda obtuvo el primer lugar en la categor\u00eda Maestros Artesanos Policromada; Carolina Jacobo Pineda, que alcanz\u00f3 el primer lugar en la categor\u00eda Nuevos Valores al Natural, con la pieza Novia Mariposa; as\u00ed como el Premio Especial para Humberto Salvador Oropeza, por obtener la Mejor Pieza del Concurso, con \u201cLa Frida de un Maestro\u201d.<\/p>\n<p>Previo al evento protocolario, como ya es una tradici\u00f3n, se llev\u00f3 a cabo el Desfile de Catrinas por las principales calles de Capula, donde decenas de participantes escenificaron la vestimenta t\u00edpica y el rostro caracterizado de estas figuras creadas por Jos\u00e9 Guadalupe Posada y bautizada por el muralista Diego Rivera.<\/p>\n<p>En tanto que posteriormente, el Presidente Municipal, Alfonso Mart\u00ednez, acompa\u00f1ado de funcionarios estatales y municipales, realiz\u00f3 un recorrido por el corredor de las artesan\u00edas que resultaron ganadoras, as\u00ed como por los stands de productos y gastronom\u00eda que se encuentran en las inmediaciones de la Plaza Principal, donde convivi\u00f3 con los pobladores y artesanos.<\/p>\n","protected":false},"excerpt":{"rendered":"<p>En este Gobierno Municipal queremos que Capula traspase las barreras internacionales del arte y la cultura, por medio de sus artesan\u00edas, por ello, encaminamos esfuerzos para que est\u00e1 Tenencia sea cada vez m\u00e1s conocida y se fortalezca su econom\u00eda local, subray\u00f3 el Presidente Municipal de Morelia, AMA, durante la inauguraci\u00f3n oficial de la sexta edici\u00f3n de la Expo Feria Nacional<\/p>\n","protected":false},"author":1,"featured_media":26909,"comment_status":"open","ping_status":"open","sticky":false,"template":"","format":"standard","meta":{"footnotes":""},"categories":[14,9],"tags":[],"class_list":["post-26908","post","type-post","status-publish","format-standard","has-post-thumbnail","hentry","category-destacadas","category-morelia"],"_links":{"self":[{"href":"https:\/\/radiowebmx.com\/nota\/wp-json\/wp\/v2\/posts\/26908","targetHints":{"allow":["GET"]}}],"collection":[{"href":"https:\/\/radiowebmx.com\/nota\/wp-json\/wp\/v2\/posts"}],"about":[{"href":"https:\/\/radiowebmx.com\/nota\/wp-json\/wp\/v2\/types\/post"}],"author":[{"embeddable":true,"href":"https:\/\/radiowebmx.com\/nota\/wp-json\/wp\/v2\/users\/1"}],"replies":[{"embeddable":true,"href":"https:\/\/radiowebmx.com\/nota\/wp-json\/wp\/v2\/comments?post=26908"}],"version-history":[{"count":1,"href":"https:\/\/radiowebmx.com\/nota\/wp-json\/wp\/v2\/posts\/26908\/revisions"}],"predecessor-version":[{"id":26910,"href":"https:\/\/radiowebmx.com\/nota\/wp-json\/wp\/v2\/posts\/26908\/revisions\/26910"}],"wp:featuredmedia":[{"embeddable":true,"href":"https:\/\/radiowebmx.com\/nota\/wp-json\/wp\/v2\/media\/26909"}],"wp:attachment":[{"href":"https:\/\/radiowebmx.com\/nota\/wp-json\/wp\/v2\/media?parent=26908"}],"wp:term":[{"taxonomy":"category","embeddable":true,"href":"https:\/\/radiowebmx.com\/nota\/wp-json\/wp\/v2\/categories?post=26908"},{"taxonomy":"post_tag","embeddable":true,"href":"https:\/\/radiowebmx.com\/nota\/wp-json\/wp\/v2\/tags?post=26908"}],"curies":[{"name":"wp","href":"https:\/\/api.w.org\/{rel}","templated":true}]}}