{"id":26905,"date":"2016-10-24T10:06:16","date_gmt":"2016-10-24T15:06:16","guid":{"rendered":"https:\/\/radiowebmx.com\/nota\/?p=26905"},"modified":"2016-10-24T10:06:16","modified_gmt":"2016-10-24T15:06:16","slug":"llama-spi-a-legisladores-federales-a-reasignar-recursos-del-pef-2017-en-favor-de-pueblos-indigenas","status":"publish","type":"post","link":"https:\/\/radiowebmx.com\/nota\/llama-spi-a-legisladores-federales-a-reasignar-recursos-del-pef-2017-en-favor-de-pueblos-indigenas\/","title":{"rendered":"Llama SPI a legisladores federales a reasignar recursos del PEF 2017 en favor de pueblos ind\u00edgenas"},"content":{"rendered":"<p><strong>Morelia, Michoac\u00e1n, a 23 de octubre de 2017.-<\/strong> El proyecto de Presupuesto de Egresos de la Federaci\u00f3n (PEF) 2017 prev\u00e9 un recorte \u201cinsostenible\u201d para los pueblos ind\u00edgenas, se\u00f1al\u00f3 el titular de la Secretar\u00eda de Pueblos Ind\u00edgenas (SPI), Mart\u00edn Garc\u00eda Avil\u00e9s, al hacer un respetuoso llamado a los legisladores michoacanos de todos los partidos para impulsar una reasignaci\u00f3n de recursos, ya que cuando menos deber\u00eda preservarse la asignaci\u00f3n de este a\u00f1o, equivalente a 85 mil 260 millones de pesos que se ejercen a trav\u00e9s de 15 dependencias federales.<\/p>\n<p>Expuso que la estad\u00edstica m\u00e1s reciente del INEGI arroj\u00f3 que el 20 por ciento de la poblaci\u00f3n en M\u00e9xico es ind\u00edgena pero que s\u00f3lo el 1.6 por ciento del PEF es destinado a este sector, lo que no corresponde a los principios de proporcionalidad y equilibrio que deben orientar a las pol\u00edticas p\u00fablicas.<\/p>\n<p>En el marco de la entrega de cocinas ecol\u00f3gicas a las autoridades civiles de Pamat\u00e1cuaro, Garc\u00eda Avil\u00e9s asegur\u00f3 que en materia de infraestructura y equipamiento a comunidades se requieren inversiones fuertes, por lo que \u201cun recorte al presupuesto para los m\u00e1s pobres del pa\u00eds es sencillamente insostenible\u201d.<\/p>\n<p>A una semana de haber asumido el cargo, el titular de la SPI refrend\u00f3 que la dependencia que encabeza seguir\u00e1 abierta al di\u00e1logo, con respeto para todos, y que redoblar\u00e1 sus esfuerzos para atender las necesidades m\u00e1s apremiantes, porque \u201cesta es la vocaci\u00f3n del Gobierno democr\u00e1tico que encabeza Silvano Aureoles Conejo\u201d.<\/p>\n","protected":false},"excerpt":{"rendered":"<p> El proyecto de Presupuesto de Egresos de la Federaci\u00f3n (PEF) 2017 prev\u00e9 un recorte \u201cinsostenible\u201d para los pueblos ind\u00edgenas, se\u00f1al\u00f3 el titular de la Secretar\u00eda de Pueblos Ind\u00edgenas (SPI), Mart\u00edn Garc\u00eda Avil\u00e9s, al hacer un respetuoso llamado a los legisladores michoacanos de todos los partidos para impulsar una reasignaci\u00f3n de recursos<\/p>\n","protected":false},"author":1,"featured_media":26906,"comment_status":"open","ping_status":"open","sticky":false,"template":"","format":"standard","meta":{"footnotes":""},"categories":[14,3],"tags":[],"class_list":["post-26905","post","type-post","status-publish","format-standard","has-post-thumbnail","hentry","category-destacadas","category-gobierno-del-estado-de-michoacan"],"_links":{"self":[{"href":"https:\/\/radiowebmx.com\/nota\/wp-json\/wp\/v2\/posts\/26905","targetHints":{"allow":["GET"]}}],"collection":[{"href":"https:\/\/radiowebmx.com\/nota\/wp-json\/wp\/v2\/posts"}],"about":[{"href":"https:\/\/radiowebmx.com\/nota\/wp-json\/wp\/v2\/types\/post"}],"author":[{"embeddable":true,"href":"https:\/\/radiowebmx.com\/nota\/wp-json\/wp\/v2\/users\/1"}],"replies":[{"embeddable":true,"href":"https:\/\/radiowebmx.com\/nota\/wp-json\/wp\/v2\/comments?post=26905"}],"version-history":[{"count":1,"href":"https:\/\/radiowebmx.com\/nota\/wp-json\/wp\/v2\/posts\/26905\/revisions"}],"predecessor-version":[{"id":26907,"href":"https:\/\/radiowebmx.com\/nota\/wp-json\/wp\/v2\/posts\/26905\/revisions\/26907"}],"wp:featuredmedia":[{"embeddable":true,"href":"https:\/\/radiowebmx.com\/nota\/wp-json\/wp\/v2\/media\/26906"}],"wp:attachment":[{"href":"https:\/\/radiowebmx.com\/nota\/wp-json\/wp\/v2\/media?parent=26905"}],"wp:term":[{"taxonomy":"category","embeddable":true,"href":"https:\/\/radiowebmx.com\/nota\/wp-json\/wp\/v2\/categories?post=26905"},{"taxonomy":"post_tag","embeddable":true,"href":"https:\/\/radiowebmx.com\/nota\/wp-json\/wp\/v2\/tags?post=26905"}],"curies":[{"name":"wp","href":"https:\/\/api.w.org\/{rel}","templated":true}]}}