{"id":26902,"date":"2016-10-24T10:03:12","date_gmt":"2016-10-24T15:03:12","guid":{"rendered":"https:\/\/radiowebmx.com\/nota\/?p=26902"},"modified":"2016-10-24T10:03:12","modified_gmt":"2016-10-24T15:03:12","slug":"avanzan-trabajos-del-reglamento-de-acceso-a-la-informacion-y-proteccion-de-datos-personales-de-morelia","status":"publish","type":"post","link":"https:\/\/radiowebmx.com\/nota\/avanzan-trabajos-del-reglamento-de-acceso-a-la-informacion-y-proteccion-de-datos-personales-de-morelia\/","title":{"rendered":"Avanzan trabajos del Reglamento de Acceso a la Informaci\u00f3n y Protecci\u00f3n de Datos Personales de Morelia"},"content":{"rendered":"<p>En reuni\u00f3n de la Comisi\u00f3n de Acceso a la Informaci\u00f3n P\u00fablica, se abord\u00f3 el tema del Reglamento de Acceso a la Informaci\u00f3n y Protecci\u00f3n de Datos Personales de Morelia, en el cual se tuvieron avances en la materia, con la finalidad de salvaguardar estos temas en beneficio de la poblaci\u00f3n.<\/p>\n<p>En los trabajos de esta \u00c1rea de Cabildo que coordina el Regidor, Benjam\u00edn Farf\u00e1n Reyes y la integran Alma Bahena Villalobos, Fernando Rodr\u00edguez Herrej\u00f3n, se invit\u00f3 al Secretario del Ayuntamiento, Jes\u00fas \u00c1valos Plata, la Directora del Centro Municipal de Informaci\u00f3n P\u00fablica (CEMUNIP), Lorena Higareda Maga\u00f1a, el Director de Asuntos Interinstitucionales y de Cabildo, Germ\u00e1n Mart\u00ednez Ramos y \u00a0la Jefa de Departamento de Comisiones y Enlace Legislativo, Iliana Lomel\u00ed Ruiz.<\/p>\n<p>El objetivo de estas acciones, record\u00f3 el encargado de la pol\u00edtica interna del municipio, son el fortalecer las instituciones contra el flagelo que puede ser la corrupci\u00f3n.<\/p>\n<p>\u201cSabemos que la corrupci\u00f3n es lo que m\u00e1s da\u00f1a a las instituciones y la queremos abatir y dejar un legado en el municipio con un buen reglamento que promueva pol\u00edticas a favor de la transparencia\u201d, destac\u00f3.<\/p>\n<p>\u00c1valos Plata propuso la instalaci\u00f3n de una mesa de trabajo para dar celeridad a estas acciones. que se traduzcan en una nueva normativa y que el Ayuntamiento endurezca la protecci\u00f3n de los datos personales\u00a0 de los morelianos.<\/p>\n<p>Es de destacar que el Ayuntamiento de Morelia mediante esta Comisi\u00f3n seguir\u00e1 en labores para ultimar los detalles y presentar un Reglamento actualizado para que sea analizado y aprobado, seg\u00fan \u00a0sea el caso, en sesi\u00f3n de Cabildo.<\/p>\n","protected":false},"excerpt":{"rendered":"<p>En reuni\u00f3n de la Comisi\u00f3n de Acceso a la Informaci\u00f3n P\u00fablica, se abord\u00f3 el tema del Reglamento de Acceso a la Informaci\u00f3n y Protecci\u00f3n de Datos Personales de Morelia, en el cual se tuvieron avances en la materia, con la finalidad de salvaguardar estos temas en beneficio de la poblaci\u00f3n.<\/p>\n","protected":false},"author":1,"featured_media":26903,"comment_status":"open","ping_status":"open","sticky":false,"template":"","format":"standard","meta":{"footnotes":""},"categories":[14,3],"tags":[],"class_list":["post-26902","post","type-post","status-publish","format-standard","has-post-thumbnail","hentry","category-destacadas","category-gobierno-del-estado-de-michoacan"],"_links":{"self":[{"href":"https:\/\/radiowebmx.com\/nota\/wp-json\/wp\/v2\/posts\/26902","targetHints":{"allow":["GET"]}}],"collection":[{"href":"https:\/\/radiowebmx.com\/nota\/wp-json\/wp\/v2\/posts"}],"about":[{"href":"https:\/\/radiowebmx.com\/nota\/wp-json\/wp\/v2\/types\/post"}],"author":[{"embeddable":true,"href":"https:\/\/radiowebmx.com\/nota\/wp-json\/wp\/v2\/users\/1"}],"replies":[{"embeddable":true,"href":"https:\/\/radiowebmx.com\/nota\/wp-json\/wp\/v2\/comments?post=26902"}],"version-history":[{"count":1,"href":"https:\/\/radiowebmx.com\/nota\/wp-json\/wp\/v2\/posts\/26902\/revisions"}],"predecessor-version":[{"id":26904,"href":"https:\/\/radiowebmx.com\/nota\/wp-json\/wp\/v2\/posts\/26902\/revisions\/26904"}],"wp:featuredmedia":[{"embeddable":true,"href":"https:\/\/radiowebmx.com\/nota\/wp-json\/wp\/v2\/media\/26903"}],"wp:attachment":[{"href":"https:\/\/radiowebmx.com\/nota\/wp-json\/wp\/v2\/media?parent=26902"}],"wp:term":[{"taxonomy":"category","embeddable":true,"href":"https:\/\/radiowebmx.com\/nota\/wp-json\/wp\/v2\/categories?post=26902"},{"taxonomy":"post_tag","embeddable":true,"href":"https:\/\/radiowebmx.com\/nota\/wp-json\/wp\/v2\/tags?post=26902"}],"curies":[{"name":"wp","href":"https:\/\/api.w.org\/{rel}","templated":true}]}}