{"id":26899,"date":"2016-10-24T10:00:18","date_gmt":"2016-10-24T15:00:18","guid":{"rendered":"https:\/\/radiowebmx.com\/nota\/?p=26899"},"modified":"2016-10-24T10:00:18","modified_gmt":"2016-10-24T15:00:18","slug":"asiste-cobaem-a-la-reunion-nacional-de-directores-generales-de-colegios-de-bachilleres","status":"publish","type":"post","link":"https:\/\/radiowebmx.com\/nota\/asiste-cobaem-a-la-reunion-nacional-de-directores-generales-de-colegios-de-bachilleres\/","title":{"rendered":"Asiste Cobaem a la reuni\u00f3n nacional de directores generales de Colegios de Bachilleres"},"content":{"rendered":"<p><strong>Morelia, Michoac\u00e1n, a 23 de octubre de 2016.- <\/strong>Veintisiete directores generales de los Colegios de Bachilleres del pa\u00eds asistieron a la segunda reuni\u00f3n nacional 2016 convocada por la Direcci\u00f3n General del Bachillerato, que encabeza Carlos Santos Ancira.<\/p>\n<p>Durante el encuentro se analizaron el enfoque intercultural y de g\u00e9nero de los programas de estudios, el desempe\u00f1o institucional y la coordinaci\u00f3n operativa con la federaci\u00f3n, as\u00ed como contenidos de gran importancia para la educaci\u00f3n del estado y del pa\u00eds.<\/p>\n<p>El director general del Colegio de Bachilleres del Estado de Michoac\u00e1n (Cobaem), Alejandro Bustos Aguilar, coment\u00f3 que los tres programas transversales del subsistema responden al enfoque educativo planteado por la Direcci\u00f3n General de Bachillerato.<\/p>\n<p>\u201cEstas reuniones con los directores generales de los Colegios de Bachilleres son de gran importancia en el terreno educativo, porque analizamos temas de inter\u00e9s\u201d, puntualiz\u00f3.<\/p>\n<p>Destac\u00f3 que en el Cobaem se trabaja de manera intensa para lograr los objetivos trazados por la administraci\u00f3n que encabeza el Gobernador Silvano Aureoles Conejo.<\/p>\n<p>Cabe mencionar que a la reuni\u00f3n tambi\u00e9n asistieron la directora de la Coordinaci\u00f3n Acad\u00e9mica de la Direcci\u00f3n General del Bachillerato, Martha Elba Madero Estrada; el coordinador nacional de Bachilleres, Miguel Primo Armend\u00e1riz; el presidente del Consejo Nacional de Directores Generales, Carlos Aceves Amezcua; y el anfitri\u00f3n, Juan Carlos Mart\u00ednez Otero, director general del Colegio de Bachilleres de Guerrero.<\/p>\n","protected":false},"excerpt":{"rendered":"<p>Veintisiete directores generales de los Colegios de Bachilleres del pa\u00eds asistieron a la segunda reuni\u00f3n nacional 2016 convocada por la Direcci\u00f3n General del Bachillerato, que encabeza Carlos Santos Ancira.<\/p>\n","protected":false},"author":1,"featured_media":26900,"comment_status":"open","ping_status":"open","sticky":false,"template":"","format":"standard","meta":{"footnotes":""},"categories":[14,3],"tags":[],"class_list":["post-26899","post","type-post","status-publish","format-standard","has-post-thumbnail","hentry","category-destacadas","category-gobierno-del-estado-de-michoacan"],"_links":{"self":[{"href":"https:\/\/radiowebmx.com\/nota\/wp-json\/wp\/v2\/posts\/26899","targetHints":{"allow":["GET"]}}],"collection":[{"href":"https:\/\/radiowebmx.com\/nota\/wp-json\/wp\/v2\/posts"}],"about":[{"href":"https:\/\/radiowebmx.com\/nota\/wp-json\/wp\/v2\/types\/post"}],"author":[{"embeddable":true,"href":"https:\/\/radiowebmx.com\/nota\/wp-json\/wp\/v2\/users\/1"}],"replies":[{"embeddable":true,"href":"https:\/\/radiowebmx.com\/nota\/wp-json\/wp\/v2\/comments?post=26899"}],"version-history":[{"count":1,"href":"https:\/\/radiowebmx.com\/nota\/wp-json\/wp\/v2\/posts\/26899\/revisions"}],"predecessor-version":[{"id":26901,"href":"https:\/\/radiowebmx.com\/nota\/wp-json\/wp\/v2\/posts\/26899\/revisions\/26901"}],"wp:featuredmedia":[{"embeddable":true,"href":"https:\/\/radiowebmx.com\/nota\/wp-json\/wp\/v2\/media\/26900"}],"wp:attachment":[{"href":"https:\/\/radiowebmx.com\/nota\/wp-json\/wp\/v2\/media?parent=26899"}],"wp:term":[{"taxonomy":"category","embeddable":true,"href":"https:\/\/radiowebmx.com\/nota\/wp-json\/wp\/v2\/categories?post=26899"},{"taxonomy":"post_tag","embeddable":true,"href":"https:\/\/radiowebmx.com\/nota\/wp-json\/wp\/v2\/tags?post=26899"}],"curies":[{"name":"wp","href":"https:\/\/api.w.org\/{rel}","templated":true}]}}