{"id":26893,"date":"2016-10-21T15:10:26","date_gmt":"2016-10-21T20:10:26","guid":{"rendered":"https:\/\/radiowebmx.com\/nota\/?p=26893"},"modified":"2016-10-21T15:10:26","modified_gmt":"2016-10-21T20:10:26","slug":"encabeza-gobernador-encuentro-con-sector-empresarial-de-uruapan","status":"publish","type":"post","link":"https:\/\/radiowebmx.com\/nota\/encabeza-gobernador-encuentro-con-sector-empresarial-de-uruapan\/","title":{"rendered":"Encabeza Gobernador encuentro con sector empresarial de Uruapan"},"content":{"rendered":"<p><strong>Uruapan, Michoac\u00e1n, a 21 de octubre de 2016.- <\/strong>El Gobernador de Michoac\u00e1n, Silvano Aureoles Conejo, ofreci\u00f3 su compromiso y disposici\u00f3n para coadyuvar en la soluci\u00f3n de los problemas que aquejan al sector productivo ante la federaci\u00f3n, adem\u00e1s de fortalecer la capacidad institucional para hacer valer el Estado de Derecho, ello durante la reuni\u00f3n que sostuvo con los integrantes del Consejo Coordinador Empresarial de Uruapan.<\/p>\n<p>&nbsp;<\/p>\n<p>El mandatario estatal asegur\u00f3 a los empresarios que poco a poco se ha ido avanzando en materia de seguridad, por lo que garantiz\u00f3 las condiciones para que se generen inversiones y desarrollo en la regi\u00f3n.<\/p>\n<p>&nbsp;<\/p>\n<p>Aureoles Conejo escuch\u00f3 el sentir de la Iniciativa Privada representada por Pablo Ochoa Gonz\u00e1lez, quien agradeci\u00f3 y reconoci\u00f3 el trabajo del Gobernador y solicit\u00f3 mantener la coordinaci\u00f3n para lograr hacer de Uruapan una de las ciudades m\u00e1s seguras del estado.<\/p>\n<p>&nbsp;<\/p>\n<p>Tambi\u00e9n, el titular del Ejecutivo estatal los invit\u00f3 a colaborar con la promoci\u00f3n de buenas acciones para cambiar la percepci\u00f3n de la entidad hacia el exterior.<\/p>\n<p>&nbsp;<\/p>\n<p>Al encuentro asistieron el secretario de Gobierno, Adri\u00e1n L\u00f3pez Sol\u00eds; el presidente de la Mesa Directiva del Congreso del Estado, Pascual Sigala P\u00e1ez; el secretario de Seguridad P\u00fablica, Juan Bernardo Corona Mart\u00ednez; el secretario de Desarrollo Econ\u00f3mico, Antonio Soto S\u00e1nchez; en delegado de Profeco y representante del Gobierno Federal en la regi\u00f3n, Miguel Ildefonso Mares Chapa y el presidente municipal de Uruapan, V\u00edctor Manuel Manr\u00edquez Gonz\u00e1lez, entre otros.<\/p>\n","protected":false},"excerpt":{"rendered":"<p>El Gobernador de Michoac\u00e1n, Silvano Aureoles Conejo, ofreci\u00f3 su compromiso y disposici\u00f3n para coadyuvar en la soluci\u00f3n de los problemas que aquejan al sector productivo ante la federaci\u00f3n, adem\u00e1s de fortalecer la capacidad institucional para hacer valer el Estado de Derecho, ello durante la reuni\u00f3n que sostuvo con los integrantes del Consejo Coordinador Empresarial de Uruapan.<\/p>\n","protected":false},"author":1,"featured_media":26894,"comment_status":"open","ping_status":"open","sticky":false,"template":"","format":"standard","meta":{"footnotes":""},"categories":[14,3],"tags":[],"class_list":["post-26893","post","type-post","status-publish","format-standard","has-post-thumbnail","hentry","category-destacadas","category-gobierno-del-estado-de-michoacan"],"_links":{"self":[{"href":"https:\/\/radiowebmx.com\/nota\/wp-json\/wp\/v2\/posts\/26893","targetHints":{"allow":["GET"]}}],"collection":[{"href":"https:\/\/radiowebmx.com\/nota\/wp-json\/wp\/v2\/posts"}],"about":[{"href":"https:\/\/radiowebmx.com\/nota\/wp-json\/wp\/v2\/types\/post"}],"author":[{"embeddable":true,"href":"https:\/\/radiowebmx.com\/nota\/wp-json\/wp\/v2\/users\/1"}],"replies":[{"embeddable":true,"href":"https:\/\/radiowebmx.com\/nota\/wp-json\/wp\/v2\/comments?post=26893"}],"version-history":[{"count":1,"href":"https:\/\/radiowebmx.com\/nota\/wp-json\/wp\/v2\/posts\/26893\/revisions"}],"predecessor-version":[{"id":26895,"href":"https:\/\/radiowebmx.com\/nota\/wp-json\/wp\/v2\/posts\/26893\/revisions\/26895"}],"wp:featuredmedia":[{"embeddable":true,"href":"https:\/\/radiowebmx.com\/nota\/wp-json\/wp\/v2\/media\/26894"}],"wp:attachment":[{"href":"https:\/\/radiowebmx.com\/nota\/wp-json\/wp\/v2\/media?parent=26893"}],"wp:term":[{"taxonomy":"category","embeddable":true,"href":"https:\/\/radiowebmx.com\/nota\/wp-json\/wp\/v2\/categories?post=26893"},{"taxonomy":"post_tag","embeddable":true,"href":"https:\/\/radiowebmx.com\/nota\/wp-json\/wp\/v2\/tags?post=26893"}],"curies":[{"name":"wp","href":"https:\/\/api.w.org\/{rel}","templated":true}]}}