{"id":26880,"date":"2016-10-21T12:30:03","date_gmt":"2016-10-21T17:30:03","guid":{"rendered":"https:\/\/radiowebmx.com\/nota\/?p=26880"},"modified":"2016-10-21T12:30:03","modified_gmt":"2016-10-21T17:30:03","slug":"impulsa-colegio-de-morelia-a-jovenes-emprendedores","status":"publish","type":"post","link":"https:\/\/radiowebmx.com\/nota\/impulsa-colegio-de-morelia-a-jovenes-emprendedores\/","title":{"rendered":"Impulsa Colegio de Morelia a j\u00f3venes emprendedores"},"content":{"rendered":"<p>El Colegio de Morelia convoc\u00f3 a toda la poblaci\u00f3n de la ciudad, tanto profesionistas, empresarios y j\u00f3venes a conocer el ciclo de talleres y conferencias de emprendimiento que inician este mes de octubre, especialmente para aquellas personas que desean comenzar exitosamente un negocio ya sea familiar o de proyecci\u00f3n global.<\/p>\n<p>El Director General del Colegio, Alejandro Amante Urbina, se\u00f1al\u00f3 que el ciclo de talleres propios y con NAFIN, forma parte de un programa completo cuyo objetivo es proporcionar bases firmes y brindar conocimientos fundamentales en temas de formaci\u00f3n y gesti\u00f3n empresarial\u00a0 a emprendedores y empresarios de MIPYMES de Morelia, dot\u00e1ndolos de conocimientos y herramientas para incursionar de forma m\u00e1s eficiente en la puesta en marcha y desarrollo de sus proyectos de negocios, as\u00ed como ser m\u00e1s eficientes y calificados en el \u00e1mbito laboral.<\/p>\n<p>El Director del Colegio, refrend\u00f3 el compromiso del Presidente Municipal, Alfonso Mart\u00ednez Alc\u00e1zar, de fortalecer el desarrollo profesional de la ciudadan\u00eda y establecer una cultura de emprendimiento brindando mejores condiciones y oportunidades de desarrollo para la poblaci\u00f3n.<\/p>\n<p>Finalmente, Amante Urbina reiter\u00f3 el agradecimiento al representante Estatal de Nacional Financiera en Michoac\u00e1n, Jos\u00e9 Mario Espino Arenas, por su colaboraci\u00f3n para acercar estos importantes temas de capacitaci\u00f3n y desarrollo profesional a los ciudadanos morelianos.<\/p>\n<p>Calendario de Cursos de Capacitaci\u00f3n: lunes 24 de octubre \u201cMujeres emprendedoras y empresarias\u201d con un horario de 10:00 a 14:00 horas. Lunes 07 de noviembre \u201cConectando tu futuro\u201d de 10:00 a 14:00 horas. Mi\u00e9rcoles 16 de noviembre \u201cEl capital humano es la PYME de 10:00 a 14:00 horas.<\/p>\n<p>Para mayor informaci\u00f3n, los interesados pueden llamar al Tel\u00e9fono: 01 (443) 299 16 06 y 359 76 74 ext. 317 o dirigirse a la oficina ubicada en Av. Guadalupe Victoria 2225, Lomas de Santiaguito, C.P. 58120, Morelia, Michoac\u00e1n<\/p>\n","protected":false},"excerpt":{"rendered":"<p>El Colegio de Morelia convoc\u00f3 a toda la poblaci\u00f3n de la ciudad, tanto profesionistas, empresarios y j\u00f3venes a conocer el ciclo de talleres y conferencias de emprendimiento que inician este mes de octubre, especialmente para aquellas personas que desean comenzar exitosamente un negocio ya sea familiar o de proyecci\u00f3n global.<\/p>\n","protected":false},"author":1,"featured_media":26881,"comment_status":"open","ping_status":"open","sticky":false,"template":"","format":"standard","meta":{"footnotes":""},"categories":[14,9],"tags":[],"class_list":["post-26880","post","type-post","status-publish","format-standard","has-post-thumbnail","hentry","category-destacadas","category-morelia"],"_links":{"self":[{"href":"https:\/\/radiowebmx.com\/nota\/wp-json\/wp\/v2\/posts\/26880","targetHints":{"allow":["GET"]}}],"collection":[{"href":"https:\/\/radiowebmx.com\/nota\/wp-json\/wp\/v2\/posts"}],"about":[{"href":"https:\/\/radiowebmx.com\/nota\/wp-json\/wp\/v2\/types\/post"}],"author":[{"embeddable":true,"href":"https:\/\/radiowebmx.com\/nota\/wp-json\/wp\/v2\/users\/1"}],"replies":[{"embeddable":true,"href":"https:\/\/radiowebmx.com\/nota\/wp-json\/wp\/v2\/comments?post=26880"}],"version-history":[{"count":1,"href":"https:\/\/radiowebmx.com\/nota\/wp-json\/wp\/v2\/posts\/26880\/revisions"}],"predecessor-version":[{"id":26882,"href":"https:\/\/radiowebmx.com\/nota\/wp-json\/wp\/v2\/posts\/26880\/revisions\/26882"}],"wp:featuredmedia":[{"embeddable":true,"href":"https:\/\/radiowebmx.com\/nota\/wp-json\/wp\/v2\/media\/26881"}],"wp:attachment":[{"href":"https:\/\/radiowebmx.com\/nota\/wp-json\/wp\/v2\/media?parent=26880"}],"wp:term":[{"taxonomy":"category","embeddable":true,"href":"https:\/\/radiowebmx.com\/nota\/wp-json\/wp\/v2\/categories?post=26880"},{"taxonomy":"post_tag","embeddable":true,"href":"https:\/\/radiowebmx.com\/nota\/wp-json\/wp\/v2\/tags?post=26880"}],"curies":[{"name":"wp","href":"https:\/\/api.w.org\/{rel}","templated":true}]}}