{"id":26851,"date":"2016-10-20T12:27:29","date_gmt":"2016-10-20T17:27:29","guid":{"rendered":"https:\/\/radiowebmx.com\/nota\/?p=26851"},"modified":"2016-10-20T12:27:29","modified_gmt":"2016-10-20T17:27:29","slug":"formalizan-relevos-institucionales-en-la-see","status":"publish","type":"post","link":"https:\/\/radiowebmx.com\/nota\/formalizan-relevos-institucionales-en-la-see\/","title":{"rendered":"Formalizan relevos institucionales  en la SEE"},"content":{"rendered":"<p><strong>Morelia, Michoac\u00e1n, a 19 de octubre de 2016.-<\/strong> A fin de fortalecer el servicio educativo en Michoac\u00e1n y de continuar con la labor de ordenamiento y eficiencia al interior de la instituci\u00f3n, Alberto Frutis Sol\u00eds, titular de la Secretar\u00eda de Educaci\u00f3n en el Estado (SEE), hizo entrega del nombramiento oficial a quienes formar\u00e1n parte de su equipo de trabajo, el cual est\u00e1 integrado por profesionistas con experiencia.<\/p>\n<p>Durante el acto protocolario, el responsable de la pol\u00edtica educativa en el estado invit\u00f3 a sus colaboradores a sumar esfuerzos para implementar acciones que le den mayor peso al fortalecimiento de la educaci\u00f3n de las ni\u00f1as y ni\u00f1os en todos los niveles educativos en Michoac\u00e1n.<\/p>\n<p>&#8220;Tenemos que formar sujetos para la vida, que tengan herramientas, que no memoricen, que sean cr\u00edticos, reflexivos y que lo apliquen en su entorno\u201d, destac\u00f3.<\/p>\n<p>Por lo anterior, los exhort\u00f3 a transformar esta nueva relaci\u00f3n de trabajo para atender a tiempo las necesidades de la dependencia. \u201cDebemos trabajar con m\u00edstica de transparencia, combatir la corrupci\u00f3n y mostrar el talento y trabajo que hay en esta Secretar\u00eda&#8221;, expres\u00f3.<\/p>\n<p>En este contexto, Frutis Sol\u00eds realiz\u00f3 los siguientes relevos: a la subsecretar\u00eda\u00a0de Educaci\u00f3n B\u00e1sica se incorpora Erick Alejandro Gonz\u00e1lez C\u00e1rdenas, quien agradeci\u00f3 la confianza para ocupar dicho cargo y se comprometi\u00f3 a dar el m\u00e1ximo esfuerzo para trabajar dentro de un marco de cordialidad, por el bien de la educaci\u00f3n b\u00e1sica en Michoac\u00e1n.<\/p>\n<p>Asimismo, se entreg\u00f3 el nombramiento de la titular de la Delegaci\u00f3n Administrativa a Mar\u00eda del Rosario Cruz Garc\u00eda, quien manifest\u00f3 que llega con el fin de darle continuidad a los trabajos que se desarrollan dentro de la dependencia y operar\u00a0 de manera transparente y adecuada.<\/p>\n<p>\u201cCon el trabajo de todos ustedes, estoy segura que vamos a hacer las cosas bien y vamos a lograr que esta Secretar\u00eda sea la que nos merecemos en Michoac\u00e1n\u201d, afirm\u00f3.<\/p>\n<p>Del mismo modo se unieron al equipo de trabajo Sa\u00fal Rodr\u00edguez Contreras como Enlace Jur\u00eddico, quien asegur\u00f3 que dar\u00e1 continuidad al trabajo realizado y se comprometi\u00f3 a entregar los mejores resultados en esta \u00e1rea.<\/p>\n<p>De igual forma, se entreg\u00f3 el nombramiento oficial a Jos\u00e9 Luis Maga\u00f1a \u00c1lvarez, quien estar\u00e1 a cargo la Secretar\u00eda T\u00e9cnica, as\u00ed como a Ma.\u00a0de Jes\u00fas Salgado Rivas, quien ocupa la Secretar\u00eda Particular.<\/p>\n<p>Ambos manifestaron que se conducir\u00e1n de manera comprometida para agilizar el trabajo en esta dependencia estatal.<\/p>\n","protected":false},"excerpt":{"rendered":"<p>A fin de fortalecer el servicio educativo en Michoac\u00e1n y de continuar con la labor de ordenamiento y eficiencia al interior de la instituci\u00f3n, Alberto Frutis Sol\u00eds, titular de la Secretar\u00eda de Educaci\u00f3n en el Estado (SEE), hizo entrega del nombramiento oficial a quienes formar\u00e1n parte de su equipo de trabajo, el cual est\u00e1 integrado por profesionistas con experiencia.<\/p>\n","protected":false},"author":1,"featured_media":26852,"comment_status":"open","ping_status":"open","sticky":false,"template":"","format":"standard","meta":{"footnotes":""},"categories":[14,3],"tags":[],"class_list":["post-26851","post","type-post","status-publish","format-standard","has-post-thumbnail","hentry","category-destacadas","category-gobierno-del-estado-de-michoacan"],"_links":{"self":[{"href":"https:\/\/radiowebmx.com\/nota\/wp-json\/wp\/v2\/posts\/26851","targetHints":{"allow":["GET"]}}],"collection":[{"href":"https:\/\/radiowebmx.com\/nota\/wp-json\/wp\/v2\/posts"}],"about":[{"href":"https:\/\/radiowebmx.com\/nota\/wp-json\/wp\/v2\/types\/post"}],"author":[{"embeddable":true,"href":"https:\/\/radiowebmx.com\/nota\/wp-json\/wp\/v2\/users\/1"}],"replies":[{"embeddable":true,"href":"https:\/\/radiowebmx.com\/nota\/wp-json\/wp\/v2\/comments?post=26851"}],"version-history":[{"count":1,"href":"https:\/\/radiowebmx.com\/nota\/wp-json\/wp\/v2\/posts\/26851\/revisions"}],"predecessor-version":[{"id":26853,"href":"https:\/\/radiowebmx.com\/nota\/wp-json\/wp\/v2\/posts\/26851\/revisions\/26853"}],"wp:featuredmedia":[{"embeddable":true,"href":"https:\/\/radiowebmx.com\/nota\/wp-json\/wp\/v2\/media\/26852"}],"wp:attachment":[{"href":"https:\/\/radiowebmx.com\/nota\/wp-json\/wp\/v2\/media?parent=26851"}],"wp:term":[{"taxonomy":"category","embeddable":true,"href":"https:\/\/radiowebmx.com\/nota\/wp-json\/wp\/v2\/categories?post=26851"},{"taxonomy":"post_tag","embeddable":true,"href":"https:\/\/radiowebmx.com\/nota\/wp-json\/wp\/v2\/tags?post=26851"}],"curies":[{"name":"wp","href":"https:\/\/api.w.org\/{rel}","templated":true}]}}