{"id":26841,"date":"2016-10-20T11:51:36","date_gmt":"2016-10-20T16:51:36","guid":{"rendered":"https:\/\/radiowebmx.com\/nota\/?p=26841"},"modified":"2016-10-20T11:51:36","modified_gmt":"2016-10-20T16:51:36","slug":"morelia-proyectara-su-cultura-y-arte-en-pelicula-la-voz-de-un-sueno-alfonso-martinez","status":"publish","type":"post","link":"https:\/\/radiowebmx.com\/nota\/morelia-proyectara-su-cultura-y-arte-en-pelicula-la-voz-de-un-sueno-alfonso-martinez\/","title":{"rendered":"Morelia proyectar\u00e1 su cultura y arte en pel\u00edcula \u201cLa Voz de un Sue\u00f1o\u201d: Alfonso Mart\u00ednez"},"content":{"rendered":"<p>En el marco del anuncio de la presentaci\u00f3n de la pel\u00edcula mexicana \u201cLa Voz de un Sue\u00f1o\u201d, el Presidente Municipal, Alfonso Mart\u00ednez Alc\u00e1zar, asegur\u00f3 que la Administraci\u00f3n que encabeza \u201char\u00e1 todo lo que sea posible\u201d para que Morelia resalte por su arte y tradiciones,\u00a0y logre posicionarse como uno de los destinos tur\u00edsticos culturales m\u00e1s importantes del pa\u00eds.<\/p>\n<p>Para ello, a\u00f1adi\u00f3 en rueda de prensa acompa\u00f1ado por la coordinadora de Comunicaci\u00f3n Social del Gobierno del Estado, Julieta L\u00f3pez Bautista, as\u00ed como del productor moreliano, Ignacio Mart\u00ednez Casares, que es fundamental apoyar iniciativas como la de esta cinta cinematogr\u00e1fica, orientadas a resaltar las bellezas arquitect\u00f3nicas y culturales de la capital michoacana.<\/p>\n<p>\u201cEsta es la pauta que queremos marcar en Morelia para que haya mayor proyecci\u00f3n de la cultura y el\u00a0arte; este el inicio y el arranque para ganar terreno en ambos rubros, mostrando mediante este tipo de muestras art\u00edsticas, las tradiciones, la cultura y sobre todo la calidez de la gente de nuestra ciudad\u201d, profundiz\u00f3 el Alcalde ante la presencia tambi\u00e9n de la directora de la pel\u00edcula, Analeine Cal y Mayor y el actor Alex Ricco.<\/p>\n<p>En el Auditorio de la Casa Natal de Morelos, se dijo orgulloso del inter\u00e9s del productor moreliano por destacar como locaciones sitios emblem\u00e1ticos de la capital michoacana, as\u00ed como de Santa Clara del Cobre, \u201cmostrando con ello lo mucho que tiene la ciudad para ofrecer\u201d.<\/p>\n<p>En representaci\u00f3n del Gobernador, Silvano Aureoles Conejo, la coordinadora General de Comunicaci\u00f3n Social, Julieta L\u00f3pez agradeci\u00f3 a la producci\u00f3n del filme el voto de confianza que brindaron a Michoac\u00e1n para la realizaci\u00f3n de \u201cLa Voz de un Sue\u00f1o\u201d.<\/p>\n<p>\u201cEl Gobierno del Estado reitera su disposici\u00f3n a respaldar proyectos que enaltezcan lo mejor que tiene este estado: su gente y el trabajo que d\u00eda a d\u00eda realizan para conservar y aumentarla riqueza de Michoac\u00e1n\u201d.<\/p>\n<p>Julieta L\u00f3pez reconoci\u00f3 al productor de la pel\u00edcula, Nacho Casares, de quien destac\u00f3 su deseo de contribuir con esta su tierra de origen, \u201cpara nosotros es muy importante el esfuerzo que haces para promocionar a Michoac\u00e1n, debes sentirte muy orgulloso de volver con este trabajo tan generoso\u201d, subray\u00f3.<\/p>\n<p>Se\u00f1al\u00f3 que al igual que Nacho Casares, el cantaurtor, Marco Antonio Sol\u00eds \u201cEl Buki\u201d, as\u00ed como el astronauta, Jos\u00e9\u00a0Hern\u00e1ndez\u00a0Moreno\u00a0han contribuido con la entidad a trav\u00e9s de campa\u00f1as promocionales. \u201cTodos ellos son un ejemplo de compromiso y entrega que nos alientan a redoblar esfuerzos\u201d.<\/p>\n<p>Al hacer uso de la voz, el productor de \u201cLa Voz de un Sue\u00f1o\u201d, \u201cNacho\u201d Casares, dio a conocer que la pel\u00edcula se estrenar\u00e1 al p\u00fablico en general este s\u00e1bado 29 de octubre en la Plaza Benito Ju\u00e1rez, a las 21:00 horas, en el marco del Festival Internacional de Cine de Morelia, en tanto que se contempla una proyecci\u00f3n m\u00e1s en Cin\u00e9polis el d\u00eda domingo.<\/p>\n<p>\u201cEsta pel\u00edcula no s\u00f3lo une a la comunidad art\u00edstica de Michoac\u00e1n, es un proyecto que abona a la reconstrucci\u00f3n del tejido social en el estado, que destaca que valor de la familia y que adem\u00e1s deja una derrama econ\u00f3mica importante de 5 millones de pesos\u201d, indic\u00f3.<\/p>\n<p>Hizo hincapi\u00e9 adem\u00e1s que entre las locaciones donde se film\u00f3 esta cinta en Morelia, destacan el Conservatorio de las Rosas, el Teatro Ocampo y Clavijero; as\u00ed como las artesan\u00edas y tradiciones de San Clara del Cobre.<\/p>\n<p>Cabe mencionar que \u201cLa Voz de un Sue\u00f1o\u201d, en 92 minutos, relata la historia de\u00a0Roc\u00edo, una talentosa cantante que decidi\u00f3 salir de su entorno natal para estudiar en el Conservatorio de la ciudad, a pesar de la negativa de su estricto padre. En el momento clave de su carrera como cantante, Roc\u00edo se entera que su madre est\u00e1 enferma de c\u00e1ncer y tiene como \u00faltimo deseo reunir a su familia antes de morir.<\/p>\n<p>Ante la petici\u00f3n de su madre, Roc\u00edo se ve obligada a regresa al pueblo de donde fue desterrada diez a\u00f1os atr\u00e1s y enfrentar a su familia, aunque hacerlo pone en juego lo que con muchos a\u00f1os de esfuerzo ha conseguido: abrir cantando el festival de m\u00fasica m\u00e1s importante de la regi\u00f3n.<\/p>\n<p>En el elenco sobresale la actuaci\u00f3n de Lazua Larios, quien escenifica el papel principal; los destacados actores mexicanos Salvador S\u00e1nchez, Patricia Reyes Spindola, Juan Pablo de Santiago, Mar\u00eda Le\u00f3n, Adriana Paz y Mario Zaragoza<\/p>\n","protected":false},"excerpt":{"rendered":"<p>En el marco del anuncio de la presentaci\u00f3n de la pel\u00edcula mexicana \u201cLa Voz de un Sue\u00f1o\u201d, el Presidente Municipal, Alfonso Mart\u00ednez Alc\u00e1zar, asegur\u00f3 que la Administraci\u00f3n que encabeza \u201char\u00e1 todo lo que sea posible\u201d para que Morelia resalte por su arte y tradiciones, y logre posicionarse como uno de los destinos tur\u00edsticos culturales m\u00e1s importantes del pa\u00eds.<\/p>\n","protected":false},"author":1,"featured_media":26842,"comment_status":"open","ping_status":"open","sticky":false,"template":"","format":"standard","meta":{"footnotes":""},"categories":[14,9],"tags":[],"class_list":["post-26841","post","type-post","status-publish","format-standard","has-post-thumbnail","hentry","category-destacadas","category-morelia"],"_links":{"self":[{"href":"https:\/\/radiowebmx.com\/nota\/wp-json\/wp\/v2\/posts\/26841","targetHints":{"allow":["GET"]}}],"collection":[{"href":"https:\/\/radiowebmx.com\/nota\/wp-json\/wp\/v2\/posts"}],"about":[{"href":"https:\/\/radiowebmx.com\/nota\/wp-json\/wp\/v2\/types\/post"}],"author":[{"embeddable":true,"href":"https:\/\/radiowebmx.com\/nota\/wp-json\/wp\/v2\/users\/1"}],"replies":[{"embeddable":true,"href":"https:\/\/radiowebmx.com\/nota\/wp-json\/wp\/v2\/comments?post=26841"}],"version-history":[{"count":1,"href":"https:\/\/radiowebmx.com\/nota\/wp-json\/wp\/v2\/posts\/26841\/revisions"}],"predecessor-version":[{"id":26843,"href":"https:\/\/radiowebmx.com\/nota\/wp-json\/wp\/v2\/posts\/26841\/revisions\/26843"}],"wp:featuredmedia":[{"embeddable":true,"href":"https:\/\/radiowebmx.com\/nota\/wp-json\/wp\/v2\/media\/26842"}],"wp:attachment":[{"href":"https:\/\/radiowebmx.com\/nota\/wp-json\/wp\/v2\/media?parent=26841"}],"wp:term":[{"taxonomy":"category","embeddable":true,"href":"https:\/\/radiowebmx.com\/nota\/wp-json\/wp\/v2\/categories?post=26841"},{"taxonomy":"post_tag","embeddable":true,"href":"https:\/\/radiowebmx.com\/nota\/wp-json\/wp\/v2\/tags?post=26841"}],"curies":[{"name":"wp","href":"https:\/\/api.w.org\/{rel}","templated":true}]}}