{"id":26837,"date":"2016-10-19T14:40:34","date_gmt":"2016-10-19T19:40:34","guid":{"rendered":"https:\/\/radiowebmx.com\/nota\/?p=26837"},"modified":"2016-10-19T14:40:34","modified_gmt":"2016-10-19T19:40:34","slug":"miguel-angel-villegas-promueve-las-artes-visuales-entre-los-jovenes","status":"publish","type":"post","link":"https:\/\/radiowebmx.com\/nota\/miguel-angel-villegas-promueve-las-artes-visuales-entre-los-jovenes\/","title":{"rendered":"MIGUEL \u00c1NGEL VILLEGAS PROMUEVE LAS ARTES VISUALES ENTRE LOS J\u00d3VENES"},"content":{"rendered":"<p class=\"x_MsoNormal\">Para promover el desarrollo de las artes visuales entre los j\u00f3venes michoacanos, el diputado local por el Partido Acci\u00f3n Nacional (PAN), Miguel \u00c1ngel Villegas Soto invita a los estudiantes de universidades p\u00fablicas y privadas a participar en el Tercer Concurso Estatal de Cortometraje sobre concientizaci\u00f3n Social \u201cLa culpa la tenemos todos\u201d.<\/p>\n<p class=\"x_MsoNormal\">\n<p class=\"x_MsoNormal\">El legislador destac\u00f3 que, para la presente edici\u00f3n convocada por la Asociaci\u00f3n Civil Acci\u00f3n Unida, se repartir\u00e1 entre los primeros lugares de las tres categor\u00edas: Ficci\u00f3n, Animaci\u00f3n y Documental, una bolsa mejorada de 120 mil pesos, adem\u00e1s de entregar capacitaciones en cine digital y establecer el Premio del P\u00fablico.<\/p>\n<p class=\"x_MsoNormal\">\n<p class=\"x_MsoNormal\">\u201cPodr\u00e1 participar cualquier persona que resida en el estado de Michoac\u00e1n con trabajos que aspiren a concientizar y estimular la participaci\u00f3n ciudadana en la toma de decisiones y la soluci\u00f3n de los problemas sociales promoviendo la reflexi\u00f3n individual y social\u201d, explic\u00f3 Villegas Soto.<\/p>\n<p class=\"x_MsoNormal\">\n<p class=\"x_MsoNormal\">Los cortometrajes ser\u00e1n recibidos hasta el pr\u00f3ximo 30 de noviembre y los interesados podr\u00e1n consultar las bases en la p\u00e1gina de internet<a href=\"http:\/\/www.accionunida.org\/\" target=\"_blank\">www.accionunida.org<\/a>. Los trabajos elegidos ser\u00e1n transmitidos a trav\u00e9s del Sistema Michoacano de Radio y Televisi\u00f3n (SMRTV).<\/p>\n","protected":false},"excerpt":{"rendered":"<p>Para promover el desarrollo de las artes visuales entre los j\u00f3venes michoacanos, el diputado local por el Partido Acci\u00f3n Nacional (PAN), Miguel \u00c1ngel Villegas Soto invita a los estudiantes de universidades p\u00fablicas y privadas a participar en el Tercer Concurso Estatal de Cortometraje sobre concientizaci\u00f3n Social \u201cLa culpa la tenemos todos\u201d.<\/p>\n","protected":false},"author":1,"featured_media":26838,"comment_status":"open","ping_status":"open","sticky":false,"template":"","format":"standard","meta":{"footnotes":""},"categories":[6,14,8],"tags":[],"class_list":["post-26837","post","type-post","status-publish","format-standard","has-post-thumbnail","hentry","category-congreso-del-estado","category-destacadas","category-grupo-parlamentario-del-pan"],"_links":{"self":[{"href":"https:\/\/radiowebmx.com\/nota\/wp-json\/wp\/v2\/posts\/26837","targetHints":{"allow":["GET"]}}],"collection":[{"href":"https:\/\/radiowebmx.com\/nota\/wp-json\/wp\/v2\/posts"}],"about":[{"href":"https:\/\/radiowebmx.com\/nota\/wp-json\/wp\/v2\/types\/post"}],"author":[{"embeddable":true,"href":"https:\/\/radiowebmx.com\/nota\/wp-json\/wp\/v2\/users\/1"}],"replies":[{"embeddable":true,"href":"https:\/\/radiowebmx.com\/nota\/wp-json\/wp\/v2\/comments?post=26837"}],"version-history":[{"count":1,"href":"https:\/\/radiowebmx.com\/nota\/wp-json\/wp\/v2\/posts\/26837\/revisions"}],"predecessor-version":[{"id":26839,"href":"https:\/\/radiowebmx.com\/nota\/wp-json\/wp\/v2\/posts\/26837\/revisions\/26839"}],"wp:featuredmedia":[{"embeddable":true,"href":"https:\/\/radiowebmx.com\/nota\/wp-json\/wp\/v2\/media\/26838"}],"wp:attachment":[{"href":"https:\/\/radiowebmx.com\/nota\/wp-json\/wp\/v2\/media?parent=26837"}],"wp:term":[{"taxonomy":"category","embeddable":true,"href":"https:\/\/radiowebmx.com\/nota\/wp-json\/wp\/v2\/categories?post=26837"},{"taxonomy":"post_tag","embeddable":true,"href":"https:\/\/radiowebmx.com\/nota\/wp-json\/wp\/v2\/tags?post=26837"}],"curies":[{"name":"wp","href":"https:\/\/api.w.org\/{rel}","templated":true}]}}