{"id":26834,"date":"2016-10-19T14:29:30","date_gmt":"2016-10-19T19:29:30","guid":{"rendered":"https:\/\/radiowebmx.com\/nota\/?p=26834"},"modified":"2016-10-19T14:29:30","modified_gmt":"2016-10-19T19:29:30","slug":"acude-rbr-a-la-5a-reunion-de-titulares-de-los-sistemas-estatales-dif","status":"publish","type":"post","link":"https:\/\/radiowebmx.com\/nota\/acude-rbr-a-la-5a-reunion-de-titulares-de-los-sistemas-estatales-dif\/","title":{"rendered":"Acude RBR a la 5\u00aa Reuni\u00f3n de Titulares de los Sistemas Estatales DIF"},"content":{"rendered":"<p><strong>Ciudad de M\u00e9xico, a 19 de octubre de 2016<\/strong>.- Con la asistencia de autoridades de las entidades del pa\u00eds se desarroll\u00f3 la 5\u00aa.Reuni\u00f3n de Titulares de los Sistemas Estatales para el Desarrollo Integral de la Familia (DIF), en la que se revisaron los alcances emprendidos durante este a\u00f1o en la atenci\u00f3n a los grupos vulnerables.<\/p>\n<p>La Directora General del Sistema DIF Michoac\u00e1n, Roc\u00edo Beamonte Romero inform\u00f3 que el encuentro permiti\u00f3 conocer los avances y pendientes en los diferentes programas federales del Sistema DIF Nacional que se replican en los organismos estatales y municipales, tanto en el \u00e1mbito alimenticio como de asistencia social.<\/p>\n<p>La reuni\u00f3n estuvo comprendida por dos d\u00edas de trabajo y desarroll\u00f3 un amplio programa que incluy\u00f3\u00a0 la presentaci\u00f3n del estado actual de la infancia a nivel nacional y por entidad federativa, as\u00ed como de la campa\u00f1a \u201cCelebrando los Derechos de Ni\u00f1as, Ni\u00f1os y Adolescentes\u201d.<\/p>\n<p>Asimismo se detall\u00f3 la cartera de proyectos para el 2017, as\u00ed como las generalidades del Programa de Credencial Nacional para Personas con Discapacidad, el proceso de acreditaci\u00f3n de 128 centros de rehabilitaci\u00f3n distribuidos a nivel nacional y el Programa de Inclusi\u00f3n Laboral para Personas con Discapacidad, a cargo de autoridades del DIF Nacional y de la empresa Tetra Pak.<\/p>\n<p>Durante este d\u00eda, el programa estuvo conformado por la presentaci\u00f3n de la Comisi\u00f3n de Protecci\u00f3n Especial y la red de informaci\u00f3n sobre protecci\u00f3n de los derechos de ni\u00f1as, ni\u00f1os y adolescentes a cargo de Nelly Montealegre D\u00edaz, procuradora de Protecci\u00f3n de Ni\u00f1as, Ni\u00f1os y Adolescentes.<\/p>\n<p>El director General de Profesionalizaci\u00f3n de la Asistencia Social, Ra\u00fal Anaya N\u00fa\u00f1ez, realiz\u00f3 la presentaci\u00f3n del Modelo de Operaci\u00f3n de los Sistemas DIF Municipales, los avances en la integraci\u00f3n del Sistema Nacional de Informaci\u00f3n en Materia de Asistencia Social, as\u00ed como del Directorio Nacional de Instituciones de Asistencia Social, el Modelo de Atenci\u00f3n para el Centro de Discapacidad Mental y la programaci\u00f3n de cursos 2017 en el campus virtual.<\/p>\n<p>A cargo de Ricardo \u00c1ngel P\u00e9rez Garc\u00eda, encargado de la Direcci\u00f3n General de Alimentaci\u00f3n y Desarrollo Comunitario se dieron pormenores de la Campa\u00f1a de Nutrici\u00f3n Saludable \u201cEmpiezo por m\u00ed\u201d y las cifras actuales de los est\u00e1ndares de competencia laboral.<\/p>\n<p>Durante la reuni\u00f3n se hizo la presentaci\u00f3n de Christian Skoog, nuevo representante de la UNICEF en M\u00e9xico.<\/p>\n","protected":false},"excerpt":{"rendered":"<p>Con la asistencia de autoridades de las entidades del pa\u00eds se desarroll\u00f3 la 5\u00aa.Reuni\u00f3n de Titulares de los Sistemas Estatales para el Desarrollo Integral de la Familia (DIF), en la que se revisaron los alcances emprendidos durante este a\u00f1o en la atenci\u00f3n a los grupos vulnerables.<\/p>\n","protected":false},"author":1,"featured_media":26835,"comment_status":"open","ping_status":"open","sticky":false,"template":"","format":"standard","meta":{"footnotes":""},"categories":[14,3],"tags":[],"class_list":["post-26834","post","type-post","status-publish","format-standard","has-post-thumbnail","hentry","category-destacadas","category-gobierno-del-estado-de-michoacan"],"_links":{"self":[{"href":"https:\/\/radiowebmx.com\/nota\/wp-json\/wp\/v2\/posts\/26834","targetHints":{"allow":["GET"]}}],"collection":[{"href":"https:\/\/radiowebmx.com\/nota\/wp-json\/wp\/v2\/posts"}],"about":[{"href":"https:\/\/radiowebmx.com\/nota\/wp-json\/wp\/v2\/types\/post"}],"author":[{"embeddable":true,"href":"https:\/\/radiowebmx.com\/nota\/wp-json\/wp\/v2\/users\/1"}],"replies":[{"embeddable":true,"href":"https:\/\/radiowebmx.com\/nota\/wp-json\/wp\/v2\/comments?post=26834"}],"version-history":[{"count":1,"href":"https:\/\/radiowebmx.com\/nota\/wp-json\/wp\/v2\/posts\/26834\/revisions"}],"predecessor-version":[{"id":26836,"href":"https:\/\/radiowebmx.com\/nota\/wp-json\/wp\/v2\/posts\/26834\/revisions\/26836"}],"wp:featuredmedia":[{"embeddable":true,"href":"https:\/\/radiowebmx.com\/nota\/wp-json\/wp\/v2\/media\/26835"}],"wp:attachment":[{"href":"https:\/\/radiowebmx.com\/nota\/wp-json\/wp\/v2\/media?parent=26834"}],"wp:term":[{"taxonomy":"category","embeddable":true,"href":"https:\/\/radiowebmx.com\/nota\/wp-json\/wp\/v2\/categories?post=26834"},{"taxonomy":"post_tag","embeddable":true,"href":"https:\/\/radiowebmx.com\/nota\/wp-json\/wp\/v2\/tags?post=26834"}],"curies":[{"name":"wp","href":"https:\/\/api.w.org\/{rel}","templated":true}]}}