{"id":2683,"date":"2013-05-23T14:00:23","date_gmt":"2013-05-23T19:00:23","guid":{"rendered":"https:\/\/radiowebmx.com\/nota\/?p=2683"},"modified":"2013-05-23T14:00:23","modified_gmt":"2013-05-23T19:00:23","slug":"transparente-y-sin-distingos-politicos-los-programas-sociales-en-michoacan-victor-silva","status":"publish","type":"post","link":"https:\/\/radiowebmx.com\/nota\/transparente-y-sin-distingos-politicos-los-programas-sociales-en-michoacan-victor-silva\/","title":{"rendered":"Transparente y sin distingos pol\u00edticos los programas sociales en Michoac\u00e1n: V\u00edctor Silva"},"content":{"rendered":"<p>En gira de trabajo al municipio de Tingambato el Delegado Federal de la Secretaria de Desarrollo Social en Michoac\u00e1n V\u00edctor Silva, acompa\u00f1ado del presidente municipal de Jos\u00e9 Guadalupe Aguilera Rojas coordinador de los presidentes municipales emanados del PRD en el estado..<\/p>\n<p>Visitaron a beneficiarios del programa de pisos firmes en la comunidad de Pichataro y la Escondida, as\u00ed mismo supervisaron obras como la perforaci\u00f3n del pozo artesano y un recorrido explicaci\u00f3n entorno a la remodelaci\u00f3n de la casa de la cultura en Tingambato.<\/p>\n<p>V\u00edctor Silva, escuch\u00f3 con atenci\u00f3n las demandas y dio seguimiento personal a las solicitudes del Presidente municipal y encargados del orden de las comunidades, dej\u00f3 claro que en los pr\u00f3ximos d\u00edas arrancar\u00e1 en la zona de Tingambato el programa social de 65 y m\u00e1s, con el fin de ampliar el padr\u00f3n de beneficiaros en la regi\u00f3n.<\/p>\n<p>El presidente municipal Jose Guadalupe Aguilera y jefes de tenencia celebraron la apertura y disposici\u00f3n que tiene la federaci\u00f3n encabezada por el presidente de la Rep\u00fablica Enrique Pe\u00f1a Nieto para atender sin distingos partidistas y con transparencia las inquietudes de los ciudadanos.<\/p>\n<p>Finalmente el presidente municipal agradeci\u00f3 al Delegado Federal su sensibilidad y su buena disposici\u00f3n para visitar los hogares de las familias beneficiadas con el programa de pisos firmes que se ejecut\u00f3 el a\u00f1o pasado.<\/p>\n<p>En busca de un desarrollo integral de la sociedad, de visita en el Instituto Tecnol\u00f3gico Superior de Uruapan, V\u00edctor Silva, Delegado Federal de la Secretaria de Desarrollo Social en Michoac\u00e1n, inaugur\u00f3 \u00a0la feria \u201cMover a M\u00e9xico&#8221;, evento organizado por la Coordinaci\u00f3n Estatal del programa Oportunidades con la finalidad de poder abatir la pobreza intergeneracional.<\/p>\n<p>V\u00edctor Silva argument\u00f3 que el objetivo primordial de estas ferias es otorgar las herramientas necesarias a los j\u00f3venes estudiantes para su desarrollo profesional y personal, a trav\u00e9s de la oferta educativa para su Educaci\u00f3n Superior y de apoyo a proyectos productivos.<\/p>\n<p>El evento estuvo presidido por Aldo Mac\u00edas Alejandres, presidente municipal de Uruapan, Guillermo Tello Guti\u00e9rrez, coordinador delegacional del programa Oportunidades en Michoac\u00e1n y el director del Instituto Superior de Uruapan Ra\u00fal Paz \u00c1lvarez.<\/p>\n","protected":false},"excerpt":{"rendered":"<p>En gira de trabajo al municipio de Tingambato el Delegado Federal de la Secretaria de Desarrollo Social en Michoac\u00e1n V\u00edctor Silva, acompa\u00f1ado del presidente municipal de Jos\u00e9 Guadalupe Aguilera Rojas coordinador de los presidentes municipales emanados del PRD en el estado..<\/p>\n","protected":false},"author":1,"featured_media":0,"comment_status":"open","ping_status":"open","sticky":false,"template":"","format":"standard","meta":{"footnotes":""},"categories":[3],"tags":[],"class_list":["post-2683","post","type-post","status-publish","format-standard","hentry","category-gobierno-del-estado-de-michoacan"],"_links":{"self":[{"href":"https:\/\/radiowebmx.com\/nota\/wp-json\/wp\/v2\/posts\/2683","targetHints":{"allow":["GET"]}}],"collection":[{"href":"https:\/\/radiowebmx.com\/nota\/wp-json\/wp\/v2\/posts"}],"about":[{"href":"https:\/\/radiowebmx.com\/nota\/wp-json\/wp\/v2\/types\/post"}],"author":[{"embeddable":true,"href":"https:\/\/radiowebmx.com\/nota\/wp-json\/wp\/v2\/users\/1"}],"replies":[{"embeddable":true,"href":"https:\/\/radiowebmx.com\/nota\/wp-json\/wp\/v2\/comments?post=2683"}],"version-history":[{"count":1,"href":"https:\/\/radiowebmx.com\/nota\/wp-json\/wp\/v2\/posts\/2683\/revisions"}],"predecessor-version":[{"id":2684,"href":"https:\/\/radiowebmx.com\/nota\/wp-json\/wp\/v2\/posts\/2683\/revisions\/2684"}],"wp:attachment":[{"href":"https:\/\/radiowebmx.com\/nota\/wp-json\/wp\/v2\/media?parent=2683"}],"wp:term":[{"taxonomy":"category","embeddable":true,"href":"https:\/\/radiowebmx.com\/nota\/wp-json\/wp\/v2\/categories?post=2683"},{"taxonomy":"post_tag","embeddable":true,"href":"https:\/\/radiowebmx.com\/nota\/wp-json\/wp\/v2\/tags?post=2683"}],"curies":[{"name":"wp","href":"https:\/\/api.w.org\/{rel}","templated":true}]}}