{"id":26828,"date":"2016-10-19T14:11:48","date_gmt":"2016-10-19T19:11:48","guid":{"rendered":"https:\/\/radiowebmx.com\/nota\/?p=26828"},"modified":"2016-10-19T14:11:48","modified_gmt":"2016-10-19T19:11:48","slug":"se-analizara-iniciativa-para-reducir-requisito-de-edad-a-18-anos-para-contender-a-cargos-publicos","status":"publish","type":"post","link":"https:\/\/radiowebmx.com\/nota\/se-analizara-iniciativa-para-reducir-requisito-de-edad-a-18-anos-para-contender-a-cargos-publicos\/","title":{"rendered":"Se analizar\u00e1 iniciativa para reducir requisito de edad a 18 a\u00f1os para contender a cargos p\u00fablicos"},"content":{"rendered":"<p class=\"x_MsoNormal\"><b>Morelia; Michoac\u00e1n, \u00a019 de octubre del 2016.- <\/b>\u00a0El Congreso del Estado en sesi\u00f3n ordinaria aprob\u00f3 por unanimidad cuatro dict\u00e1menes presentados por la Comisi\u00f3n de Puntos Constitucionales\u00a0 para otorgar el \u201cha lugar\u201d a diferentes iniciativas en materia de salud y asuntos electorales.<\/p>\n<p class=\"x_MsoNormal\">Los diputados Rosa Mar\u00eda de la Torre, presidenta de la Comisi\u00f3n de Puntos Constitucionales, Miguel \u00c1ngel Villegas, Jeovana Alc\u00e1ntar, Manuel L\u00f3pez Mel\u00e9ndez\u00a0 y Mary Carmen Bernal Mart\u00ednez, integrantes de la misma, consideraron en el dictamen que la iniciativa presentada por la diputada Nallleli Pedraza, mediante al cual se reforma los art\u00edculos 23 y 119 de la Constituci\u00f3n Pol\u00edtica de Michoac\u00e1n, no contrapone lo dispuesto en la Constituci\u00f3n Pol\u00edtica del Estado y se encuentra con fundamentos jur\u00eddicos vigentes y vinculantes en el orden jur\u00eddico del Estado de Michoac\u00e1n.<\/p>\n<p class=\"x_MsoNormal\">Dicha iniciativa que fue turnada a las comisiones unidas Puntos Constitucionales, Asuntos Electorales y Participaci\u00f3n Ciudadana y la de J\u00f3venes y Deportes para su an\u00e1lisis y dictamen, propone establecer la edad de 18 a\u00f1os, como requisito para poder ser votado en elecciones de diputado local as\u00ed como autoridades municipales, es decir adquirir a esta edad el derecho a votar y ser votado. La legislaci\u00f3n actual establece los 21 a\u00f1os como requisito de elegibilidad a cargos de diputado, presidente municipal, s\u00edndico y regidor.<\/p>\n<p class=\"x_gmail-MsoListParagraph\">\u00b7\u00a0\u00a0\u00a0\u00a0\u00a0\u00a0\u00a0\u00a0 <b><i>Aprueban \u201cha lugar\u201d a iniciativas para reformar el art\u00edculo 2 constitucional<\/i><\/b><\/p>\n<p class=\"x_MsoNormal\">En este mismo tenor, se aprob\u00f3 las propuestas de reforma al art\u00edculo 2 constitucional, presentadas por los diputados Belinda Iturbide y Juan Bernardo Corona, una vez que fue aprobado por el Pleno del Poder Legislativo el \u201cha lugar\u201d, para su discusi\u00f3n.<\/p>\n<p class=\"x_MsoNormal\">Una de las propuestas presentadas por la diputada Belinda Iturbide consiste en adicionar un p\u00e1rrafo en la parte final del art\u00edculo 2\u00b0 de la Constituci\u00f3n Pol\u00edtica del Estado con la finalidad de establecer que el Estado proteja y garantice un medio ambiente sano y seguro, as\u00ed como su adecuada conservaci\u00f3n. Con ello reconocer el derecho al medio ambiente sano y seguro, en armon\u00eda con el orden\u00a0 federal. Iniciativa que fue enviada a las comisiones de Puntos Constitucionales y Desarrollo Sustentable y Medio Ambiente para su dictamen.<\/p>\n<p class=\"x_MsoNormal\">Asimismo, otra de las propuestas de la legisladora fue turnada a las comisiones de Puntos Constitucionales y Salud y Asistencia Social, la cual plantea modificar el tercer p\u00e1rrafo del mismo art\u00edculo para que el Estado promueva y garantice la salud como un derecho inherente de toda persona, atendiendo a las necesidades de la poblaci\u00f3n con pol\u00edticas p\u00fablicas para alcanzar un grado m\u00e1ximo de este derecho.<\/p>\n<p class=\"x_MsoNormal\">Finalmente, la iniciativa presentada por el diputado con licencia Juan Bernardo Corona propone reformar el art\u00edculo 2\u00ba de la Constituci\u00f3n Pol\u00edtica del Estado para incorporar el\u00a0 principio de igualdad sustantiva, para la efectiva consideraci\u00f3n y participaci\u00f3n de hombres y mujeres en los procesos de toma de decisiones, la cual fue turnada para su estudio y dictamen a las comisiones de Puntos Constitucionales y la de Igualdad de G\u00e9nero.<\/p>\n","protected":false},"excerpt":{"rendered":"<p>El Congreso del Estado en sesi\u00f3n ordinaria aprob\u00f3 por unanimidad cuatro dict\u00e1menes presentados por la Comisi\u00f3n de Puntos Constitucionales  para otorgar el \u201cha lugar\u201d a diferentes iniciativas en materia de salud y asuntos electorales.<\/p>\n","protected":false},"author":1,"featured_media":26829,"comment_status":"open","ping_status":"open","sticky":false,"template":"","format":"standard","meta":{"footnotes":""},"categories":[6,14],"tags":[],"class_list":["post-26828","post","type-post","status-publish","format-standard","has-post-thumbnail","hentry","category-congreso-del-estado","category-destacadas"],"_links":{"self":[{"href":"https:\/\/radiowebmx.com\/nota\/wp-json\/wp\/v2\/posts\/26828","targetHints":{"allow":["GET"]}}],"collection":[{"href":"https:\/\/radiowebmx.com\/nota\/wp-json\/wp\/v2\/posts"}],"about":[{"href":"https:\/\/radiowebmx.com\/nota\/wp-json\/wp\/v2\/types\/post"}],"author":[{"embeddable":true,"href":"https:\/\/radiowebmx.com\/nota\/wp-json\/wp\/v2\/users\/1"}],"replies":[{"embeddable":true,"href":"https:\/\/radiowebmx.com\/nota\/wp-json\/wp\/v2\/comments?post=26828"}],"version-history":[{"count":1,"href":"https:\/\/radiowebmx.com\/nota\/wp-json\/wp\/v2\/posts\/26828\/revisions"}],"predecessor-version":[{"id":26830,"href":"https:\/\/radiowebmx.com\/nota\/wp-json\/wp\/v2\/posts\/26828\/revisions\/26830"}],"wp:featuredmedia":[{"embeddable":true,"href":"https:\/\/radiowebmx.com\/nota\/wp-json\/wp\/v2\/media\/26829"}],"wp:attachment":[{"href":"https:\/\/radiowebmx.com\/nota\/wp-json\/wp\/v2\/media?parent=26828"}],"wp:term":[{"taxonomy":"category","embeddable":true,"href":"https:\/\/radiowebmx.com\/nota\/wp-json\/wp\/v2\/categories?post=26828"},{"taxonomy":"post_tag","embeddable":true,"href":"https:\/\/radiowebmx.com\/nota\/wp-json\/wp\/v2\/tags?post=26828"}],"curies":[{"name":"wp","href":"https:\/\/api.w.org\/{rel}","templated":true}]}}