{"id":26825,"date":"2016-10-19T13:42:17","date_gmt":"2016-10-19T18:42:17","guid":{"rendered":"https:\/\/radiowebmx.com\/nota\/?p=26825"},"modified":"2016-10-19T13:42:17","modified_gmt":"2016-10-19T18:42:17","slug":"asiste-alfonso-martinez-al-xlvi-aniversario-luctuoso-del-general-lazaro-cardenas-del-rio","status":"publish","type":"post","link":"https:\/\/radiowebmx.com\/nota\/asiste-alfonso-martinez-al-xlvi-aniversario-luctuoso-del-general-lazaro-cardenas-del-rio\/","title":{"rendered":"Asiste Alfonso Mart\u00ednez al XLVI Aniversario Luctuoso del General L\u00e1zaro C\u00e1rdenas del Rio"},"content":{"rendered":"<p>Con la firme convicci\u00f3n de emular las ense\u00f1anzas y el legado que heredara a los mexicanos L\u00e1zaro C\u00e1rdenas del R\u00edo, de luchar en todo momento en contra de la corrupci\u00f3n, la injusticia y la miseria, el Presidente Municipal de Morelia, Alfonso Mart\u00ednez Alc\u00e1zar en compa\u00f1\u00eda del Gobernador de Michoac\u00e1n, Silvano Aureoles Conejo, conmemor\u00f3 en un acto c\u00edvico el XLVI Aniversario Luctuoso del General ex Presidente de M\u00e9xico, al cual ofrecieron una ofrenda al pie del monumento que lleva su nombre.<\/p>\n<p>Con la presencia del Ingeniero Cuahut\u00e9moc C\u00e1rdenas Batel; Jos\u00e9 Daniel Centeno Andrade, Representando a la XXI Zona Militar; Adri\u00e1n L\u00f3pez Sol\u00eds, Secretario de Gobierno y Alberto Frutis Sol\u00eds, Secretario de Educaci\u00f3n del Estado, el Gobernador de Michoac\u00e1n Silvano Aureoles Conejo orador oficial del acto c\u00edvico, exhort\u00f3 a los funcionarios p\u00fablicos y gobernantes a seguir los pasos y ense\u00f1anzas del General Michoacano.<\/p>\n<p>\u201cNo debemos incurrir por ning\u00fan motivo en la corrupci\u00f3n, la omisi\u00f3n, la indolencia ni la frivolidad en el ejercicio del poder p\u00fablico; tampoco debemos ser omisos ante la injusticia y la miseria\u201d, dijo el Jefe del Ejecutivo Estatal.<\/p>\n<p>Habl\u00f3 de la valiente firmeza del General fallecido hace 46 a\u00f1os, al tomar decisiones con mano firme, obedeciendo a un fin superior como es el bienestar de los mexicanos y la defensa de la soberan\u00eda nacional.<\/p>\n<p>Destac\u00f3 el amparo que L\u00e1zaro C\u00e1rdenas tuvo hacia los pobres, los exiliados, lo humildes y los perseguidos, raz\u00f3n por la cual pidi\u00f3 a los presentes que en honor a su memoria, asuman el compromiso de consagrar una vida dedicada a seguir estas convicciones.<\/p>\n<p>En el acto c\u00edvico, estuvieron presentes tambi\u00e9n autoridades estatales, as\u00ed como el cuerpo de Regidores del Honorable Ayuntamiento de Morelia, Secretarios y Funcionarios Municipales.<\/p>\n","protected":false},"excerpt":{"rendered":"<p>Con la firme convicci\u00f3n de emular las ense\u00f1anzas y el legado que heredara a los mexicanos L\u00e1zaro C\u00e1rdenas del R\u00edo, de luchar en todo momento en contra de la corrupci\u00f3n, la injusticia y la miseria, el Presidente Municipal de Morelia, Alfonso Mart\u00ednez Alc\u00e1zar en compa\u00f1\u00eda del Gobernador de Michoac\u00e1n, Silvano Aureoles Conejo,<\/p>\n","protected":false},"author":1,"featured_media":26826,"comment_status":"open","ping_status":"open","sticky":false,"template":"","format":"standard","meta":{"footnotes":""},"categories":[14,9],"tags":[],"class_list":["post-26825","post","type-post","status-publish","format-standard","has-post-thumbnail","hentry","category-destacadas","category-morelia"],"_links":{"self":[{"href":"https:\/\/radiowebmx.com\/nota\/wp-json\/wp\/v2\/posts\/26825","targetHints":{"allow":["GET"]}}],"collection":[{"href":"https:\/\/radiowebmx.com\/nota\/wp-json\/wp\/v2\/posts"}],"about":[{"href":"https:\/\/radiowebmx.com\/nota\/wp-json\/wp\/v2\/types\/post"}],"author":[{"embeddable":true,"href":"https:\/\/radiowebmx.com\/nota\/wp-json\/wp\/v2\/users\/1"}],"replies":[{"embeddable":true,"href":"https:\/\/radiowebmx.com\/nota\/wp-json\/wp\/v2\/comments?post=26825"}],"version-history":[{"count":1,"href":"https:\/\/radiowebmx.com\/nota\/wp-json\/wp\/v2\/posts\/26825\/revisions"}],"predecessor-version":[{"id":26827,"href":"https:\/\/radiowebmx.com\/nota\/wp-json\/wp\/v2\/posts\/26825\/revisions\/26827"}],"wp:featuredmedia":[{"embeddable":true,"href":"https:\/\/radiowebmx.com\/nota\/wp-json\/wp\/v2\/media\/26826"}],"wp:attachment":[{"href":"https:\/\/radiowebmx.com\/nota\/wp-json\/wp\/v2\/media?parent=26825"}],"wp:term":[{"taxonomy":"category","embeddable":true,"href":"https:\/\/radiowebmx.com\/nota\/wp-json\/wp\/v2\/categories?post=26825"},{"taxonomy":"post_tag","embeddable":true,"href":"https:\/\/radiowebmx.com\/nota\/wp-json\/wp\/v2\/tags?post=26825"}],"curies":[{"name":"wp","href":"https:\/\/api.w.org\/{rel}","templated":true}]}}