{"id":26822,"date":"2016-10-19T13:38:16","date_gmt":"2016-10-19T18:38:16","guid":{"rendered":"https:\/\/radiowebmx.com\/nota\/?p=26822"},"modified":"2016-10-19T13:38:16","modified_gmt":"2016-10-19T18:38:16","slug":"impulsa-ifeeem-mas-y-mejores-espacios-educativos-en-irimbo","status":"publish","type":"post","link":"https:\/\/radiowebmx.com\/nota\/impulsa-ifeeem-mas-y-mejores-espacios-educativos-en-irimbo\/","title":{"rendered":"Impulsa IFEEEM m\u00e1s y mejores espacios educativos en Irimbo"},"content":{"rendered":"<p><strong>Irimbo, Michoac\u00e1n, a 19 de octubre de 2016.-\u00a0<\/strong>La directora general del Instituto de la Infraestructura F\u00edsica Educativa del Estado de Michoac\u00e1n (IIFEEM), Mar\u00eda Guadalupe D\u00edaz Chagolla, acompa\u00f1ada del alcalde de este municipio, Jos\u00e9 Ignacio L\u00f3pez S\u00e1enz, entreg\u00f3 de manera formal tres aulas did\u00e1cticas, servicios sanitarios y mobiliario por el orden de un mill\u00f3n 389 mil 843 pesos en beneficio de 250 alumnos de la Escuela Primaria \u201cGregorio Torres\u201d, de la localidad de San Jos\u00e9 Magallanes.<\/p>\n<p>Ante las y los estudiantes del plantel, la funcionaria estatal refrend\u00f3 el compromiso del Gobernador Silvano Aureoles Conejo con la dignificaci\u00f3n de los espacios educativos y se\u00f1al\u00f3 que la atenci\u00f3n a esta Escuela Primaria era prioritaria, ya que contaba con aulas \u201cde palitos\u201d, por lo que se realiz\u00f3 la sustituci\u00f3n de \u00e9stas por aulas dignas a trav\u00e9s del Fondo de Aportaciones M\u00faltiples.<\/p>\n<p>Adem\u00e1s, D\u00edaz Chagolla destac\u00f3 que mediante el Programa Escuelas al CIEN se tiene contemplado ejercer este a\u00f1o en Irimbo una inversi\u00f3n aproximado de 4 millones de pesos.<\/p>\n<p>Por su parte, el presidente municipal resalt\u00f3 que estas obras son de gran importancia, ya que benefician a las futuras generaciones con mejores condiciones para que realicen sus estudios, por lo que reconoci\u00f3 la labor que realiza el Gobierno del Estado a trav\u00e9s de IIFEEM.<\/p>\n<p>De su lado, el director del plantel, Mart\u00edn Miranda Conejo, agradeci\u00f3 el apoyo por parte de la administraci\u00f3n estatal, puesto que la escuela ten\u00eda muchas necesidades.<\/p>\n","protected":false},"excerpt":{"rendered":"<p>La directora general del IIFEEM, Mar\u00eda Guadalupe D\u00edaz Chagolla, acompa\u00f1ada del alcalde de este municipio, Jos\u00e9 Ignacio L\u00f3pez S\u00e1enz, entreg\u00f3 de manera formal tres aulas did\u00e1cticas, servicios sanitarios y mobiliario por el orden de un mill\u00f3n 389 mil 843 pesos en beneficio de 250 alumnos de la Escuela Primaria \u201cGregorio Torres\u201d, de la localidad de San Jos\u00e9 Magallanes.<\/p>\n","protected":false},"author":1,"featured_media":26823,"comment_status":"open","ping_status":"open","sticky":false,"template":"","format":"standard","meta":{"footnotes":""},"categories":[14,3],"tags":[],"class_list":["post-26822","post","type-post","status-publish","format-standard","has-post-thumbnail","hentry","category-destacadas","category-gobierno-del-estado-de-michoacan"],"_links":{"self":[{"href":"https:\/\/radiowebmx.com\/nota\/wp-json\/wp\/v2\/posts\/26822","targetHints":{"allow":["GET"]}}],"collection":[{"href":"https:\/\/radiowebmx.com\/nota\/wp-json\/wp\/v2\/posts"}],"about":[{"href":"https:\/\/radiowebmx.com\/nota\/wp-json\/wp\/v2\/types\/post"}],"author":[{"embeddable":true,"href":"https:\/\/radiowebmx.com\/nota\/wp-json\/wp\/v2\/users\/1"}],"replies":[{"embeddable":true,"href":"https:\/\/radiowebmx.com\/nota\/wp-json\/wp\/v2\/comments?post=26822"}],"version-history":[{"count":1,"href":"https:\/\/radiowebmx.com\/nota\/wp-json\/wp\/v2\/posts\/26822\/revisions"}],"predecessor-version":[{"id":26824,"href":"https:\/\/radiowebmx.com\/nota\/wp-json\/wp\/v2\/posts\/26822\/revisions\/26824"}],"wp:featuredmedia":[{"embeddable":true,"href":"https:\/\/radiowebmx.com\/nota\/wp-json\/wp\/v2\/media\/26823"}],"wp:attachment":[{"href":"https:\/\/radiowebmx.com\/nota\/wp-json\/wp\/v2\/media?parent=26822"}],"wp:term":[{"taxonomy":"category","embeddable":true,"href":"https:\/\/radiowebmx.com\/nota\/wp-json\/wp\/v2\/categories?post=26822"},{"taxonomy":"post_tag","embeddable":true,"href":"https:\/\/radiowebmx.com\/nota\/wp-json\/wp\/v2\/tags?post=26822"}],"curies":[{"name":"wp","href":"https:\/\/api.w.org\/{rel}","templated":true}]}}