{"id":26819,"date":"2016-10-19T13:32:31","date_gmt":"2016-10-19T18:32:31","guid":{"rendered":"https:\/\/radiowebmx.com\/nota\/?p=26819"},"modified":"2016-10-19T13:32:31","modified_gmt":"2016-10-19T18:32:31","slug":"llama-gobernador-a-no-intimidarse-ante-acciones-legitimas-a-favor-de-la-sociedad","status":"publish","type":"post","link":"https:\/\/radiowebmx.com\/nota\/llama-gobernador-a-no-intimidarse-ante-acciones-legitimas-a-favor-de-la-sociedad\/","title":{"rendered":"Llama Gobernador a no intimidarse ante acciones leg\u00edtimas a favor de la sociedad"},"content":{"rendered":"<p><strong>Morelia, Michoac\u00e1n, a 19 de octubre de 2016.-<\/strong> Los gobernantes no debemos ni permitir, por ning\u00fan motivo, la corrupci\u00f3n, la omisi\u00f3n, la indolencia ni la frivolidad en el ejercicio del poder p\u00fablico, as\u00ed lo expres\u00f3 el Gobernador Constitucional Silvano Aureoles Conejo al fungir como orador oficial del XLVI aniversario luctuoso del General L\u00e1zaro C\u00e1rdenas del R\u00edo.<\/p>\n<p>Al hacer un llamado para no intimidarse ante acciones leg\u00edtimas a favor de la sociedad, el mandatario estatal dijo que \u201clas decisiones pueden entra\u00f1ar dificultad e incluso resquemor, pero deben ser ejecutadas con mano firme, por duras que parezcan, pues obedecen a un fin superior: el bienestar y el progreso de nuestros conciudadanos\u201d.<\/p>\n<p>En el Obelisco al General L\u00e1zaro C\u00e1rdenas, Silvano Aureoles dej\u00f3 en claro que muchos de los mexicanos deben aprender del estadista michoacano, pero m\u00e1s a\u00fan quienes gobiernan, por lo que se\u00f1al\u00f3 que es nuestra oportunidad de cumplir con el deber que la ciudadan\u00eda nos confiri\u00f3, de servirla sin ser omisos ante la injusticia y la miseria.<\/p>\n<p>\u201cUn gobernante se mide por el arrojo con el que enfrenta los retosque le surgen en el camino. En la valiente firmeza del General C\u00e1rdenas est\u00e1 el ejemplo m\u00e1s formativo\u201d.<\/p>\n<p>El mandatario estatal dijo que hoy 19 de octubre, se cumplen 46 a\u00f1os de la desaparici\u00f3n f\u00edsica del General L\u00e1zaro C\u00e1rdenas, por lo que se honra la memoria del estadista, visionario, patriota y nacionalista, pero tambi\u00e9n del gran ser humano, hombre sencillo y humilde, preocupado siempre por el pr\u00f3jimo, principalmente por los m\u00e1s necesitados.<\/p>\n<p>\u201cL\u00e1zaro C\u00e1rdenas del R\u00edo, a lo largo de su vida, fue un hombre firme, extremadamente firme, que en muy escasas ocasiones recurri\u00f3 al uso de la fuerza. Fue siempre un l\u00edder, nunca un caudillo; fue hombre de ideas libres, no de creencias ciegas\u201d.<\/p>\n<p>Explic\u00f3 que al General L\u00e1zaro C\u00e1rdenas se le deben la supresi\u00f3n del Maximato, la Reforma Agraria, la Expropiaci\u00f3n Petrolera, el apoyo a la Rep\u00fablica espa\u00f1ola, el fomento a la educaci\u00f3n laica, gratuita y obligatoria as\u00ed como la defensa de la soberan\u00eda nacional, entre otras, por loque leg\u00f3 a M\u00e9xico instituciones permanentes, grandes obras de beneficio social, convicciones s\u00f3lidas y \u201cun imperturbable ejemplo de integridad, congruencia y patriotismo\u201d.<\/p>\n<p>El Gobernador de Michoac\u00e1n describi\u00f3 a C\u00e1rdenas del R\u00edo como un hombre m\u00e1s de hechos que de palabras. Adem\u00e1s, enfoc\u00f3 mucho de su quehacer en crear y fortalecer instituciones, tales como el Instituto Polit\u00e9cnico Nacional, el Colegio de M\u00e9xico (Colmex), la Escuela Nacional de Educaci\u00f3n F\u00edsica y el Instituto Nacional de Antropolog\u00eda e Historia, lo que hizo trascender su figura como estadista.<\/p>\n<p>De igual manera, refiri\u00f3 que la obra de C\u00e1rdenas no se reduce al interior del pa\u00eds, ya que supo encarnar el compromiso solidario con los luchadores de la libertad. Jug\u00f3 un papel clave como embajador de paz, amor y fraternidad e hizo de M\u00e9xico un refugio universal para los perseguidos de la intolerancia, abriendo las puertas a los espa\u00f1oles republicanos.<\/p>\n<p>Finalmente pidi\u00f3 trabajar cotidianamente por hacer de Michoac\u00e1n y de M\u00e9xico, un lugar m\u00e1s justo, m\u00e1s pr\u00f3spero y m\u00e1s seguro, donde todos tengan una oportunidad de progresar y ser felices.<\/p>\n<p>Momentos m\u00e1s tarde las autoridades rindieron una guardia de honor al monumento que honra la memoria del General L\u00e1zaro C\u00e1rdenas del R\u00edo.<\/p>\n<p>Asistieron el secretario de Gobierno, Adri\u00e1n L\u00f3pez Sol\u00eds; el invitado especial, Cuauht\u00e9moc C\u00e1rdenas Batel; el secretario de Educaci\u00f3n en el Estado, Alberto Frutis Sol\u00eds; el presidente municipal, Alfonso Mart\u00ednez Alc\u00e1zar; el representante del Supremo Tribunal de Justicia del Estado, Jorge P\u00e9rez Zavala; el representante de la Universidad Michoacana de San Nicol\u00e1s de Hidalgo, H\u00e9ctor P\u00e9rez Pintor; el representante de la XXI Zona\u00a0 Militar, Jos\u00e9 Daniel Centeno Andrade, as\u00ed como diversas autoridades estatales y municipales.<\/p>\n","protected":false},"excerpt":{"rendered":"<p>Los gobernantes no debemos ni permitir, por ning\u00fan motivo, la corrupci\u00f3n, la omisi\u00f3n, la indolencia ni la frivolidad en el ejercicio del poder p\u00fablico, as\u00ed lo expres\u00f3 el Gobernador Constitucional Silvano Aureoles Conejo al fungir como orador oficial del XLVI aniversario luctuoso del General L\u00e1zaro C\u00e1rdenas del R\u00edo.<\/p>\n","protected":false},"author":1,"featured_media":26820,"comment_status":"open","ping_status":"open","sticky":false,"template":"","format":"standard","meta":{"footnotes":""},"categories":[14,3],"tags":[],"class_list":["post-26819","post","type-post","status-publish","format-standard","has-post-thumbnail","hentry","category-destacadas","category-gobierno-del-estado-de-michoacan"],"_links":{"self":[{"href":"https:\/\/radiowebmx.com\/nota\/wp-json\/wp\/v2\/posts\/26819","targetHints":{"allow":["GET"]}}],"collection":[{"href":"https:\/\/radiowebmx.com\/nota\/wp-json\/wp\/v2\/posts"}],"about":[{"href":"https:\/\/radiowebmx.com\/nota\/wp-json\/wp\/v2\/types\/post"}],"author":[{"embeddable":true,"href":"https:\/\/radiowebmx.com\/nota\/wp-json\/wp\/v2\/users\/1"}],"replies":[{"embeddable":true,"href":"https:\/\/radiowebmx.com\/nota\/wp-json\/wp\/v2\/comments?post=26819"}],"version-history":[{"count":1,"href":"https:\/\/radiowebmx.com\/nota\/wp-json\/wp\/v2\/posts\/26819\/revisions"}],"predecessor-version":[{"id":26821,"href":"https:\/\/radiowebmx.com\/nota\/wp-json\/wp\/v2\/posts\/26819\/revisions\/26821"}],"wp:featuredmedia":[{"embeddable":true,"href":"https:\/\/radiowebmx.com\/nota\/wp-json\/wp\/v2\/media\/26820"}],"wp:attachment":[{"href":"https:\/\/radiowebmx.com\/nota\/wp-json\/wp\/v2\/media?parent=26819"}],"wp:term":[{"taxonomy":"category","embeddable":true,"href":"https:\/\/radiowebmx.com\/nota\/wp-json\/wp\/v2\/categories?post=26819"},{"taxonomy":"post_tag","embeddable":true,"href":"https:\/\/radiowebmx.com\/nota\/wp-json\/wp\/v2\/tags?post=26819"}],"curies":[{"name":"wp","href":"https:\/\/api.w.org\/{rel}","templated":true}]}}