{"id":26816,"date":"2016-10-19T13:26:34","date_gmt":"2016-10-19T18:26:34","guid":{"rendered":"https:\/\/radiowebmx.com\/nota\/?p=26816"},"modified":"2016-10-19T13:26:34","modified_gmt":"2016-10-19T18:26:34","slug":"michoacan-contara-con-un-diagnostico-en-materia-de-discriminacion-y-violencia","status":"publish","type":"post","link":"https:\/\/radiowebmx.com\/nota\/michoacan-contara-con-un-diagnostico-en-materia-de-discriminacion-y-violencia\/","title":{"rendered":"Michoac\u00e1n contar\u00e1 con un diagn\u00f3stico en materia de discriminaci\u00f3n y violencia"},"content":{"rendered":"<p class=\"x_MsoNormal\"><b>Morelia; Michoac\u00e1n, 19 de octubre del 2016.-\u00a0<\/b>\u00a0A fin de fortalecer el Consejo Estatal para Prevenir y Eliminar la Discriminaci\u00f3n y la Violencia; otorg\u00e1ndole mayores atribuciones para elaborar instrumentos metodol\u00f3gicos y diagn\u00f3sticos sobre discriminaci\u00f3n y violencia en el estado, los diputados integrantes de la LXXIII Legislatura aprobaron reformar el art\u00edculo 22 de la ley en la materia.<\/p>\n<p class=\"x_MsoNormal\">La Comisi\u00f3n de Derechos Humanos que preside la diputada Nalleli Pedraza e integran \u00a0Andrea Villanueva y Raymundo Arreola, present\u00f3 para su votaci\u00f3n el dictamen que contiene la propuesta de reforma a la Ley para Prevenir y Eliminar la Discriminaci\u00f3n y la Violencia promovida por el diputado Raymundo Arreola.<\/p>\n<p class=\"x_MsoNormal\">Con la reforma, se faculta al Consejo a realizar an\u00e1lisis\u00a0 sobre ordenamientos jur\u00eddicos y administrativos vigentes; se implementar\u00e1 un sistema de recepci\u00f3n y seguimiento de quejas y denuncias por motivo de discriminaci\u00f3n; se establecen mecanismos para evaluar la ejecuci\u00f3n de las pol\u00edticas p\u00fablicas encaminadas en la materia; desarrollar, fomentar y difundir los estudios sobre las pr\u00e1cticas discriminatorias y de violencia en los \u00e1mbitos pol\u00edtico, econ\u00f3mico, social y cultural; adem\u00e1s de establecer relaciones de coordinaci\u00f3n con instituciones p\u00fablicas, federales, locales y municipales, entre otras.<\/p>\n<p class=\"x_gmail-MsoListParagraph\">\u00b7\u00a0\u00a0\u00a0\u00a0\u00a0\u00a0\u00a0\u00a0\u00a0<b><i>Procuradur\u00eda de Protecci\u00f3n del menor estar\u00e1 obligada a profesionalizarse\u00a0<\/i><\/b><\/p>\n<p class=\"x_MsoNormal\">Asimismo, se aprob\u00f3 reformar el art\u00edculo 75 de la Ley de los Derechos de las Ni\u00f1as, Ni\u00f1os y Adolescentes, a fin de fortalecer el Sistema Estatal de Protecci\u00f3n, para los ni\u00f1os y j\u00f3venes que por circunstancias indeseables tengan la necesidad de ser protegidos, para ayudar el desarrollo de los menores en \u00e1reas b\u00e1sicas como la jur\u00eddica, psicol\u00f3gica y del trabajo social.<\/p>\n<p class=\"x_MsoNormal\">El dictamen que fue presentado por la Comisi\u00f3n de Derechos Humanos en el Poder Legislativo, contiene la iniciativa propuesta por el diputado con licencia Juan Bernardo Corona, establece que los ni\u00f1os y j\u00f3venes deber\u00e1n ser atendidos bajo los est\u00e1ndares y cuidados m\u00e1s altos del pa\u00eds.<\/p>\n<p class=\"x_MsoNormal\">Para ello, los cuerpos de profesionales que actuar\u00e1n de manera integrada deben encontrarse capacitados, especializados y\/o autorizados en materia de tratamiento de los temas de infancia, cuidando y protegiendo la idoneidad del mismo en el desempe\u00f1o de su funci\u00f3n. Cuidando que el cuidador, procurador y protector de la infancia michoacana, conserve los elementos necesarios de desempe\u00f1o y salud psico-emocional.<\/p>\n","protected":false},"excerpt":{"rendered":"<p>A fin de fortalecer el Consejo Estatal para Prevenir y Eliminar la Discriminaci\u00f3n y la Violencia; otorg\u00e1ndole mayores atribuciones para elaborar instrumentos metodol\u00f3gicos y diagn\u00f3sticos sobre discriminaci\u00f3n y violencia en el estado, los diputados integrantes de la LXXIII Legislatura aprobaron reformar el art\u00edculo 22 de la ley en la materia.<\/p>\n","protected":false},"author":1,"featured_media":26817,"comment_status":"open","ping_status":"open","sticky":false,"template":"","format":"standard","meta":{"footnotes":""},"categories":[6,14],"tags":[],"class_list":["post-26816","post","type-post","status-publish","format-standard","has-post-thumbnail","hentry","category-congreso-del-estado","category-destacadas"],"_links":{"self":[{"href":"https:\/\/radiowebmx.com\/nota\/wp-json\/wp\/v2\/posts\/26816","targetHints":{"allow":["GET"]}}],"collection":[{"href":"https:\/\/radiowebmx.com\/nota\/wp-json\/wp\/v2\/posts"}],"about":[{"href":"https:\/\/radiowebmx.com\/nota\/wp-json\/wp\/v2\/types\/post"}],"author":[{"embeddable":true,"href":"https:\/\/radiowebmx.com\/nota\/wp-json\/wp\/v2\/users\/1"}],"replies":[{"embeddable":true,"href":"https:\/\/radiowebmx.com\/nota\/wp-json\/wp\/v2\/comments?post=26816"}],"version-history":[{"count":1,"href":"https:\/\/radiowebmx.com\/nota\/wp-json\/wp\/v2\/posts\/26816\/revisions"}],"predecessor-version":[{"id":26818,"href":"https:\/\/radiowebmx.com\/nota\/wp-json\/wp\/v2\/posts\/26816\/revisions\/26818"}],"wp:featuredmedia":[{"embeddable":true,"href":"https:\/\/radiowebmx.com\/nota\/wp-json\/wp\/v2\/media\/26817"}],"wp:attachment":[{"href":"https:\/\/radiowebmx.com\/nota\/wp-json\/wp\/v2\/media?parent=26816"}],"wp:term":[{"taxonomy":"category","embeddable":true,"href":"https:\/\/radiowebmx.com\/nota\/wp-json\/wp\/v2\/categories?post=26816"},{"taxonomy":"post_tag","embeddable":true,"href":"https:\/\/radiowebmx.com\/nota\/wp-json\/wp\/v2\/tags?post=26816"}],"curies":[{"name":"wp","href":"https:\/\/api.w.org\/{rel}","templated":true}]}}