{"id":26810,"date":"2016-10-19T12:30:36","date_gmt":"2016-10-19T17:30:36","guid":{"rendered":"https:\/\/radiowebmx.com\/nota\/?p=26810"},"modified":"2016-10-19T12:30:36","modified_gmt":"2016-10-19T17:30:36","slug":"robo-de-uso-sera-castigado-con-el-doble-del-costo-de-arrendamiento-de-la-cosa-usada","status":"publish","type":"post","link":"https:\/\/radiowebmx.com\/nota\/robo-de-uso-sera-castigado-con-el-doble-del-costo-de-arrendamiento-de-la-cosa-usada\/","title":{"rendered":"Robo de uso ser\u00e1 castigado con el doble del costo de arrendamiento de la cosa usada"},"content":{"rendered":"<p class=\"x_MsoNormal\"><b>Morelia; Michoac\u00e1n, 19 de octubre del 2016.- <\/b>\u00a0Con el objetivo de dar certeza jur\u00eddica, as\u00ed como protecci\u00f3n eficaz de los bienes de los michoacanos, el Pleno del Poder Legislativo aprob\u00f3 la reforma al art\u00edculo 208 del C\u00f3digo Penal del Estado, para castigar el robo de uso, obligando al infractor pagar al ofendido como reparaci\u00f3n del da\u00f1o el doble del costo del arrendamiento, alquiler o intereses de la cosa usada.<\/p>\n<p class=\"x_MsoNormal\">La Comisi\u00f3n de Justicia del Congreso del Estado present\u00f3 en sesi\u00f3n ordinaria el dictamen que contiene la iniciativa de reforma propuesta en el mes de abril de 2016, por los diputados Mario Armando Mendoza Guzm\u00e1n, X\u00f3chitl Gabriela Ruiz Gonz\u00e1lez, Wilfrido L\u00e1zaro Medina, Yarab\u00ed \u00c1vila Gonz\u00e1lez, Raymundo Arreola Ortega y Roberto Maldonado Hinojosa.<\/p>\n<p class=\"x_MsoNormal\">En la exposici\u00f3n de motivos los legisladores se\u00f1alaron que actualmente el C\u00f3digo Penal el robo simple difiere del robo de uso, radicando la diferencia en que el primer caso puntualiza que el hurto es definitivo, mientras en el robo de uso es de car\u00e1cter temporal, dando una pena menor en el segundo caso, a pesar de que en ambos apoderamientos se lleva a cabo sin el consentimiento de quien legalmente puede disponer de ella conforme a derecho.<\/p>\n<p class=\"x_MsoNormal\">Asimismo exponen la necesidad de establecer el principio de proporcionalidad ya que en la actual legislaci\u00f3n se penalizaba el robo de uso, de seis meses a tres a\u00f1os de prisi\u00f3n, siempre que se justifique no haberse negado a devolverla; por lo que ahora ser\u00e1 penalizado de acuerdo al art\u00edculo 200 del mismo C\u00f3digo, es decir la gravedad de pena ser\u00e1 de acuerdo a los da\u00f1os causados.<\/p>\n","protected":false},"excerpt":{"rendered":"<p>Con el objetivo de dar certeza jur\u00eddica, as\u00ed como protecci\u00f3n eficaz de los bienes de los michoacanos, el Pleno del Poder Legislativo aprob\u00f3 la reforma al art\u00edculo 208 del C\u00f3digo Penal del Estado, para castigar el robo de uso, obligando al infractor pagar al ofendido como reparaci\u00f3n del da\u00f1o el doble del costo del arrendamiento, alquiler o intereses de la cosa usada.<\/p>\n","protected":false},"author":1,"featured_media":26811,"comment_status":"open","ping_status":"open","sticky":false,"template":"","format":"standard","meta":{"footnotes":""},"categories":[6,14,7],"tags":[],"class_list":["post-26810","post","type-post","status-publish","format-standard","has-post-thumbnail","hentry","category-congreso-del-estado","category-destacadas","category-grupo-parlamentario-del-pri"],"_links":{"self":[{"href":"https:\/\/radiowebmx.com\/nota\/wp-json\/wp\/v2\/posts\/26810","targetHints":{"allow":["GET"]}}],"collection":[{"href":"https:\/\/radiowebmx.com\/nota\/wp-json\/wp\/v2\/posts"}],"about":[{"href":"https:\/\/radiowebmx.com\/nota\/wp-json\/wp\/v2\/types\/post"}],"author":[{"embeddable":true,"href":"https:\/\/radiowebmx.com\/nota\/wp-json\/wp\/v2\/users\/1"}],"replies":[{"embeddable":true,"href":"https:\/\/radiowebmx.com\/nota\/wp-json\/wp\/v2\/comments?post=26810"}],"version-history":[{"count":1,"href":"https:\/\/radiowebmx.com\/nota\/wp-json\/wp\/v2\/posts\/26810\/revisions"}],"predecessor-version":[{"id":26812,"href":"https:\/\/radiowebmx.com\/nota\/wp-json\/wp\/v2\/posts\/26810\/revisions\/26812"}],"wp:featuredmedia":[{"embeddable":true,"href":"https:\/\/radiowebmx.com\/nota\/wp-json\/wp\/v2\/media\/26811"}],"wp:attachment":[{"href":"https:\/\/radiowebmx.com\/nota\/wp-json\/wp\/v2\/media?parent=26810"}],"wp:term":[{"taxonomy":"category","embeddable":true,"href":"https:\/\/radiowebmx.com\/nota\/wp-json\/wp\/v2\/categories?post=26810"},{"taxonomy":"post_tag","embeddable":true,"href":"https:\/\/radiowebmx.com\/nota\/wp-json\/wp\/v2\/tags?post=26810"}],"curies":[{"name":"wp","href":"https:\/\/api.w.org\/{rel}","templated":true}]}}