{"id":26807,"date":"2016-10-19T12:21:59","date_gmt":"2016-10-19T17:21:59","guid":{"rendered":"https:\/\/radiowebmx.com\/nota\/?p=26807"},"modified":"2016-10-19T12:21:59","modified_gmt":"2016-10-19T17:21:59","slug":"convoca-miguel-angel-villegas-a-sumar-esfuerzos-contra-la-inseguridad","status":"publish","type":"post","link":"https:\/\/radiowebmx.com\/nota\/convoca-miguel-angel-villegas-a-sumar-esfuerzos-contra-la-inseguridad\/","title":{"rendered":"Convoca Miguel \u00c1ngel Villegas a sumar esfuerzos contra la inseguridad"},"content":{"rendered":"<p class=\"x_MsoNormal\"><b>Morelia; Michoac\u00e1n, 19 de octubre de 2016<\/b>.- El diputado local por el Partido Acci\u00f3n Nacional (PAN), Miguel \u00c1ngel Villegas Soto, plante\u00f3 la posibilidad de impulsar desde el Congreso del Estado una sola propuesta en materia de seguridad y procuraci\u00f3n de justicia con el prop\u00f3sito de sumar esfuerzos en contra de la inseguridad con el consenso del mayor n\u00famero de actores pol\u00edticos.<\/p>\n<p class=\"x_MsoNormal\">Al escuchar la Iniciativa de Ley que elabor\u00f3 la Fundaci\u00f3n Ciudadana para el Desarrollo Integral de Michoac\u00e1n (Fucidim) para la creaci\u00f3n de la Secretar\u00eda de Justicia, el legislador panista consider\u00f3 \u201cla necesidad de analizar dicha propuesta\u201d.<\/p>\n<p class=\"x_MsoNormal\">\n<p class=\"x_MsoNormal\">Reunidos en la Academia Regional de Seguridad P\u00fablica de Occidente, un grupo de diputados locales escuch\u00f3 a Bernardo Le\u00f3n Olea, comisionado para la Seguridad de Morelia, quien habl\u00f3 sobre fusionar la Secretar\u00eda de Seguridad P\u00fablica (SSP) y la Procuradur\u00eda General de Justicia en el Estado (PGJE) para tener mejores resultados.<\/p>\n<p class=\"x_MsoNormal\">\n<p class=\"x_MsoNormal\">Roberto Ram\u00edrez Delgado, presidente de la Fucidim, dijo que actualmente las instituciones estatales que atienden la impartici\u00f3n de seguridad y justicia no logran articularse adecuadamente y que por ello su propuesta se basa en las modificaciones que realizaron los estados de Chihuahua y Jalisco para crear una Fiscal\u00eda General.<\/p>\n<p class=\"x_MsoNormal\">\n","protected":false},"excerpt":{"rendered":"<p>El diputado local por el PAN, Miguel \u00c1ngel Villegas Soto, plante\u00f3 la posibilidad de impulsar desde el Congreso del Estado una sola propuesta en materia de seguridad y procuraci\u00f3n de justicia con el prop\u00f3sito de sumar esfuerzos en contra de la inseguridad con el consenso del mayor n\u00famero de actores pol\u00edticos.<\/p>\n","protected":false},"author":1,"featured_media":26808,"comment_status":"open","ping_status":"open","sticky":false,"template":"","format":"standard","meta":{"footnotes":""},"categories":[6,14,8],"tags":[],"class_list":["post-26807","post","type-post","status-publish","format-standard","has-post-thumbnail","hentry","category-congreso-del-estado","category-destacadas","category-grupo-parlamentario-del-pan"],"_links":{"self":[{"href":"https:\/\/radiowebmx.com\/nota\/wp-json\/wp\/v2\/posts\/26807","targetHints":{"allow":["GET"]}}],"collection":[{"href":"https:\/\/radiowebmx.com\/nota\/wp-json\/wp\/v2\/posts"}],"about":[{"href":"https:\/\/radiowebmx.com\/nota\/wp-json\/wp\/v2\/types\/post"}],"author":[{"embeddable":true,"href":"https:\/\/radiowebmx.com\/nota\/wp-json\/wp\/v2\/users\/1"}],"replies":[{"embeddable":true,"href":"https:\/\/radiowebmx.com\/nota\/wp-json\/wp\/v2\/comments?post=26807"}],"version-history":[{"count":1,"href":"https:\/\/radiowebmx.com\/nota\/wp-json\/wp\/v2\/posts\/26807\/revisions"}],"predecessor-version":[{"id":26809,"href":"https:\/\/radiowebmx.com\/nota\/wp-json\/wp\/v2\/posts\/26807\/revisions\/26809"}],"wp:featuredmedia":[{"embeddable":true,"href":"https:\/\/radiowebmx.com\/nota\/wp-json\/wp\/v2\/media\/26808"}],"wp:attachment":[{"href":"https:\/\/radiowebmx.com\/nota\/wp-json\/wp\/v2\/media?parent=26807"}],"wp:term":[{"taxonomy":"category","embeddable":true,"href":"https:\/\/radiowebmx.com\/nota\/wp-json\/wp\/v2\/categories?post=26807"},{"taxonomy":"post_tag","embeddable":true,"href":"https:\/\/radiowebmx.com\/nota\/wp-json\/wp\/v2\/tags?post=26807"}],"curies":[{"name":"wp","href":"https:\/\/api.w.org\/{rel}","templated":true}]}}