{"id":26803,"date":"2016-10-19T12:11:57","date_gmt":"2016-10-19T17:11:57","guid":{"rendered":"https:\/\/radiowebmx.com\/nota\/?p=26803"},"modified":"2016-10-19T12:11:57","modified_gmt":"2016-10-19T17:11:57","slug":"morelia-se-vestira-de-gala-para-el-desfile-de-modas-de-pineda-covalin-este-jueves","status":"publish","type":"post","link":"https:\/\/radiowebmx.com\/nota\/morelia-se-vestira-de-gala-para-el-desfile-de-modas-de-pineda-covalin-este-jueves\/","title":{"rendered":"Morelia se vestir\u00e1 de gala para el desfile de modas de Pineda Covalin este jueves"},"content":{"rendered":"<p>En el \u00e1nimo de ofrecer un evento de calidad que re\u00fana a cientos de familias morelianas, el Gobierno Municipal afina junto con los organizadores, los \u00faltimos detalles para la realizaci\u00f3n del desfile de modas que efectuar\u00e1 la firma Pineda Covalin con motivo de su 20 Aniversario en la ciudad, a celebrarse el pr\u00f3ximo jueves 20 de octubre en la Plaza Valladolid.<\/p>\n<p>La Secretar\u00eda de Turismo municipal, Thelma Aquique Arrieta, detall\u00f3 que tanto el Presidente Municipal, Alfonso Mart\u00ednez Alc\u00e1zar, como la Presidenta Honoraria del\u00a0 DIF Morelia, Paola Delgadillo, han revisado todos los pormenores con la empresaria moreliana Cristina Pineda, a fin de aprovechar este espect\u00e1culo para destacar la belleza arquitect\u00f3nica de la capital.<\/p>\n<p>La funcionario municipal refiri\u00f3 que eventos de esa magnitud, que re\u00fanen a decenas de profesionales en la materia y medios de comunicaci\u00f3n tanto nacionales como extranjeros, colocan a Morelia en la mirada internacional, por lo que, dijo, \u201ces un extraordinario foco de atenci\u00f3n para atraer a un mayor n\u00famero de visitantes\u201d.<\/p>\n<p>Bajo este contexto, la funcionaria municipal subray\u00f3 el inter\u00e9s del Alcalde Alfonso Mart\u00ednez, por hacer de este desfile un evento enriquecedor que permita exponer la riqueza cultural de Morelia, as\u00ed como congregar a cientos de familias, abonando con ello a la recuperaci\u00f3n de los espacios p\u00fablicos de la capital michoacana.<\/p>\n<p>Record\u00f3 que como parte de la pasarela se llevar\u00e1 a cabo una proyecci\u00f3n especial de Video Mapping, en el que se estar\u00e1n mostrando algunos de los estampados que caracterizan a esta empresa mexicana, as\u00ed como las tradiciones t\u00edpicas del estado y el municipio.<\/p>\n<p>Cabe destacar que a este desfile que es totalmente gratuito, se contempla la asistencia de decenas de dise\u00f1adores emergentes y la experiencia de los dise\u00f1adores consolidados de la moda nacional, quienes a trav\u00e9s de su visi\u00f3n confeccionar\u00e1n siluetas inspiradas en los dise\u00f1os m\u00e1s representativos de la marca.<\/p>\n<p>En tanto que adem\u00e1s se llevar\u00e1 a cabo una cena de gala, en la cual los fondos recaudados ser\u00e1n destinados al DIF Municipal, en beneficio de los grupos vulnerables.<\/p>\n<p>Finalmente, Aquique Arrieta reiter\u00f3 la invitaci\u00f3n a todos los morelianos y visitantes\u00a0a ser parte de este evento cien por ciento familiar, de acceso gratuito que se realizar\u00e1 a partir de las 19:30 horas en la Plaza Valladolid este pr\u00f3ximo jueves 20 de octubre y anunci\u00f3 que al t\u00e9rmino del evento, habr\u00e1 m\u00e1s sorpresas culturales para que los asistentes disfruten en familia.<\/p>\n","protected":false},"excerpt":{"rendered":"<p>En el \u00e1nimo de ofrecer un evento de calidad que re\u00fana a cientos de familias morelianas, el Gobierno Municipal afina junto con los organizadores, los \u00faltimos detalles para la realizaci\u00f3n del desfile de modas que efectuar\u00e1 la firma Pineda Covalin con motivo de su 20 Aniversario en la ciudad, a celebrarse el pr\u00f3ximo jueves 20 de octubre en la Plaza Valladolid.<\/p>\n","protected":false},"author":1,"featured_media":26805,"comment_status":"open","ping_status":"open","sticky":false,"template":"","format":"standard","meta":{"footnotes":""},"categories":[14,9],"tags":[],"class_list":["post-26803","post","type-post","status-publish","format-standard","has-post-thumbnail","hentry","category-destacadas","category-morelia"],"_links":{"self":[{"href":"https:\/\/radiowebmx.com\/nota\/wp-json\/wp\/v2\/posts\/26803","targetHints":{"allow":["GET"]}}],"collection":[{"href":"https:\/\/radiowebmx.com\/nota\/wp-json\/wp\/v2\/posts"}],"about":[{"href":"https:\/\/radiowebmx.com\/nota\/wp-json\/wp\/v2\/types\/post"}],"author":[{"embeddable":true,"href":"https:\/\/radiowebmx.com\/nota\/wp-json\/wp\/v2\/users\/1"}],"replies":[{"embeddable":true,"href":"https:\/\/radiowebmx.com\/nota\/wp-json\/wp\/v2\/comments?post=26803"}],"version-history":[{"count":1,"href":"https:\/\/radiowebmx.com\/nota\/wp-json\/wp\/v2\/posts\/26803\/revisions"}],"predecessor-version":[{"id":26806,"href":"https:\/\/radiowebmx.com\/nota\/wp-json\/wp\/v2\/posts\/26803\/revisions\/26806"}],"wp:featuredmedia":[{"embeddable":true,"href":"https:\/\/radiowebmx.com\/nota\/wp-json\/wp\/v2\/media\/26805"}],"wp:attachment":[{"href":"https:\/\/radiowebmx.com\/nota\/wp-json\/wp\/v2\/media?parent=26803"}],"wp:term":[{"taxonomy":"category","embeddable":true,"href":"https:\/\/radiowebmx.com\/nota\/wp-json\/wp\/v2\/categories?post=26803"},{"taxonomy":"post_tag","embeddable":true,"href":"https:\/\/radiowebmx.com\/nota\/wp-json\/wp\/v2\/tags?post=26803"}],"curies":[{"name":"wp","href":"https:\/\/api.w.org\/{rel}","templated":true}]}}