{"id":26793,"date":"2016-10-19T11:38:36","date_gmt":"2016-10-19T16:38:36","guid":{"rendered":"https:\/\/radiowebmx.com\/nota\/?p=26793"},"modified":"2016-10-19T11:38:36","modified_gmt":"2016-10-19T16:38:36","slug":"dif-morelia-capacita-a-personal-del-crit-en-lengua-de-senas-mexicana","status":"publish","type":"post","link":"https:\/\/radiowebmx.com\/nota\/dif-morelia-capacita-a-personal-del-crit-en-lengua-de-senas-mexicana\/","title":{"rendered":"DIF Morelia capacita a personal del CRIT en Lengua de Se\u00f1as Mexicana"},"content":{"rendered":"<p>En un esfuerzo conjunto por promover la inclusi\u00f3n de personas con discapacidad auditiva, el Centro de Cultura para la Discapacidad (CCD), a trav\u00e9s fundaci\u00f3n Telet\u00f3n, inici\u00f3 con la capacitaci\u00f3n en Lengua de Se\u00f1as Mexicana (LSM) a 20 trabajadores del Centro de Rehabilitaci\u00f3n Infantil Telet\u00f3n (CRIT).<\/p>\n<p>&#8220;Este taller tiene como objetivo promover la eliminaci\u00f3n de barreras f\u00edsicas, sociales y culturales, que impiden que las personas con discapacidad auditiva se desarrollen en igualdad de condiciones, y para nosotros es muy importante tender lazos de colaboraci\u00f3n con otras instituciones similares a la nuestra&#8221;, indic\u00f3 la directora de Centros de Asistencia Social, Carla Isamara Hern\u00e1ndez L\u00f3pez.<\/p>\n<p>El taller de LSM ser\u00e1 impartido por la profesora Leticia Mart\u00ednez Zamora, quien tiene discapacidad auditiva e imparte el mismo curso dentro del CCD. \u00c9ste tendr\u00e1 una duraci\u00f3n de tres meses, los d\u00edas martes y jueves en un horario de 14:30 a 16:30 horas.<\/p>\n<p>&#8220;Es muy significativo para nosotros que una instituci\u00f3n como el CRIT tenga la confianza en nuestros profesionales en materia de discapacidad para brindarles capacitaci\u00f3n a su personal, por lo que nuestro compromiso es seguir fomentando este tipo de talleres para que m\u00e1s personas tengan acceso a servicios y atenci\u00f3n adecuada sin importar su condici\u00f3n&#8221;, manifest\u00f3.<\/p>\n<p>El enlace del CRIT con el CCD se llev\u00f3 a cabo a trav\u00e9s del director de Desarrollo Humano de esa instituci\u00f3n, Jaime Manuel Bol\u00edvar Reyes, quien extern\u00f3 su agradecimiento al personal del CCD por haber realizado esta colaboraci\u00f3n y manifest\u00f3 su disposici\u00f3n para dar continuidad a este esfuerzo con m\u00e1s trabajadores en el futuro.<\/p>\n<p>Para solicitar el taller de LSM del CCD, los requisitos son reunir un grupo de por lo menos 15 personas que tengan la facilidad tanto de tomar el curso en su instituci\u00f3n, como de acudir al CCD para complementar el aprendizaje de forma pr\u00e1ctica; comunicarse a los tel\u00e9fonos 3340555 o acudir personalmente a las oficinas del centro ubicadas a un costado del Estadio Morelos.<\/p>\n","protected":false},"excerpt":{"rendered":"<p>En un esfuerzo conjunto por promover la inclusi\u00f3n de personas con discapacidad auditiva, el Centro de Cultura para la Discapacidad (CCD), a trav\u00e9s fundaci\u00f3n Telet\u00f3n, inici\u00f3 con la capacitaci\u00f3n en Lengua de Se\u00f1as Mexicana (LSM) a 20 trabajadores del Centro de Rehabilitaci\u00f3n Infantil Telet\u00f3n (CRIT).<\/p>\n","protected":false},"author":1,"featured_media":26794,"comment_status":"open","ping_status":"open","sticky":false,"template":"","format":"standard","meta":{"footnotes":""},"categories":[14,9],"tags":[],"class_list":["post-26793","post","type-post","status-publish","format-standard","has-post-thumbnail","hentry","category-destacadas","category-morelia"],"_links":{"self":[{"href":"https:\/\/radiowebmx.com\/nota\/wp-json\/wp\/v2\/posts\/26793","targetHints":{"allow":["GET"]}}],"collection":[{"href":"https:\/\/radiowebmx.com\/nota\/wp-json\/wp\/v2\/posts"}],"about":[{"href":"https:\/\/radiowebmx.com\/nota\/wp-json\/wp\/v2\/types\/post"}],"author":[{"embeddable":true,"href":"https:\/\/radiowebmx.com\/nota\/wp-json\/wp\/v2\/users\/1"}],"replies":[{"embeddable":true,"href":"https:\/\/radiowebmx.com\/nota\/wp-json\/wp\/v2\/comments?post=26793"}],"version-history":[{"count":1,"href":"https:\/\/radiowebmx.com\/nota\/wp-json\/wp\/v2\/posts\/26793\/revisions"}],"predecessor-version":[{"id":26795,"href":"https:\/\/radiowebmx.com\/nota\/wp-json\/wp\/v2\/posts\/26793\/revisions\/26795"}],"wp:featuredmedia":[{"embeddable":true,"href":"https:\/\/radiowebmx.com\/nota\/wp-json\/wp\/v2\/media\/26794"}],"wp:attachment":[{"href":"https:\/\/radiowebmx.com\/nota\/wp-json\/wp\/v2\/media?parent=26793"}],"wp:term":[{"taxonomy":"category","embeddable":true,"href":"https:\/\/radiowebmx.com\/nota\/wp-json\/wp\/v2\/categories?post=26793"},{"taxonomy":"post_tag","embeddable":true,"href":"https:\/\/radiowebmx.com\/nota\/wp-json\/wp\/v2\/tags?post=26793"}],"curies":[{"name":"wp","href":"https:\/\/api.w.org\/{rel}","templated":true}]}}