{"id":26789,"date":"2016-10-19T11:35:24","date_gmt":"2016-10-19T16:35:24","guid":{"rendered":"https:\/\/radiowebmx.com\/nota\/?p=26789"},"modified":"2016-10-19T11:35:24","modified_gmt":"2016-10-19T16:35:24","slug":"continuan-relevos-en-el-gobierno-del-estado","status":"publish","type":"post","link":"https:\/\/radiowebmx.com\/nota\/continuan-relevos-en-el-gobierno-del-estado\/","title":{"rendered":"Contin\u00faan relevos en el Gobierno del Estado"},"content":{"rendered":"<p><strong>Morelia, Michoac\u00e1n, a 18 de octubre de 2016.-<\/strong> En seguimiento a las instrucciones del Gobernador Constitucional, Silvano Aureoles Conejo, el secretario de Gobierno, Adri\u00e1n L\u00f3pez Sol\u00eds, realiz\u00f3 la entrega de nombramientos a nuevos integrantes del Gabinete ampliado.<\/p>\n<p>&nbsp;<\/p>\n<p>En la din\u00e1mica de fortalecer los equipos de trabajo y las propias instituciones, el encargado de la pol\u00edtica interna dio posesi\u00f3n a tres nuevos directores generales y a un coordinador.<\/p>\n<p>&nbsp;<\/p>\n<p>En primer t\u00e9rmino, entreg\u00f3 el nombramiento a Israel Tentory Garc\u00eda como director general del Instituto de Capacitaci\u00f3n para el Trabajo del Estado de Michoac\u00e1n (Icatmi), en sustituci\u00f3n de Juan Carlos Barrag\u00e1n V\u00e9lez.<\/p>\n<p>&nbsp;<\/p>\n<p>L\u00f3pez Sol\u00eds expres\u00f3 que como parte de los cambios que realiza el mandatario estatal, este d\u00eda se dio posesi\u00f3n a Israel Tentory como nuevo titular de la dependencia encargada de capacitar en distintos rubros a las y los michoacanos.<\/p>\n<p>&nbsp;<\/p>\n<p>En su mensaje, Tentory Garc\u00eda expuso que Barrag\u00e1n V\u00e9lez dio extraordinarios resultados, por lo que viene a sumarse a ese gran equipo para cumplir con los objetivos y las metas de muchos michoacanos en cuanto a la capacitaci\u00f3n.<\/p>\n<p>&nbsp;<\/p>\n<p>Posteriormente, Adri\u00e1n L\u00f3pez dio posesi\u00f3n como nuevo titular del Instituto del Artesano Michoacano a Claudio M\u00e9ndez Fern\u00e1ndez, en sustituci\u00f3n de Marco Antonio Lagunas V\u00e1zquez.<\/p>\n<p>&nbsp;<\/p>\n<p>En la Casa de las Artesan\u00edas, el encargado de la pol\u00edtica interna entreg\u00f3 la titularidad de la dependencia encargada de la promoci\u00f3n de las actividades artesanales y culturales que realizan los habitantes de las distintas comunidades ind\u00edgenas de la entidad.<\/p>\n<p>&nbsp;<\/p>\n<p>Tras ello, el Secretario de Gobierno le entreg\u00f3 a Marco Antonio Lagunas V\u00e1zquez el nombramiento como titular de la Comisi\u00f3n Coordinadora del Transporte P\u00fablico de Michoac\u00e1n (Cocotra), en sustituci\u00f3n de Julieta Gallardo Mora.<\/p>\n<p>&nbsp;<\/p>\n<p>De manos del Secretario de Gobierno, Lagunas V\u00e1zquez recibi\u00f3 la encomienda por parte del Gobernador Silvano Aureoles Conejo de coadyuvar en la implementaci\u00f3n de acciones y pol\u00edticas p\u00fablicas dentro del sector del transporte en la entidad.<\/p>\n<p>&nbsp;<\/p>\n<p>Durante el acto protocolario, L\u00f3pez Sol\u00eds destac\u00f3 la importancia de la experiencia de Lagunas V\u00e1zquez en el sector a fin de trabajar de manera y cercana con los transportistas y establecer el di\u00e1logo como mecanismo para resoluci\u00f3n de los posibles conflictos entre los mismos.<\/p>\n<p>&nbsp;<\/p>\n<p>Por \u00faltimo, el Secretario de Gobierno dio posesi\u00f3n de la Direcci\u00f3n del Instituto Estatal de Estudios Superiores en Seguridad y Profesionalizaci\u00f3n Policial del Estado (IEESSPP) a J. Antonio Bernal Bustamante, en relevo del magistrado Rub\u00e9n Puebla.<\/p>\n<p>&nbsp;<\/p>\n<p>En cumplimiento a las instrucciones del titular del Ejecutivo estatal, entreg\u00f3 el nombramiento con el objetivo de que se aboque en la tarea de consolidaci\u00f3n y continuaci\u00f3n del esfuerzo para tener una nueva polic\u00eda, capacitada, responsable y acorde a las necesidades del Nuevo Sistema de Justicia Penal en la entidad.<\/p>\n<p>&nbsp;<\/p>\n<p>En el IEESSPP, el encargado de la pol\u00edtica interna inst\u00f3 al nuevo director a sumarse a la importante tarea de preparar a la seguridad p\u00fablica para ofrecer a la ciudadan\u00eda el mejor servicio a trav\u00e9s de la Polic\u00eda Michoac\u00e1n. En ese proceso, resalt\u00f3 la labor del funcionario saliente en la capacitaci\u00f3n constante de los nuevos elementos.<\/p>\n","protected":false},"excerpt":{"rendered":"<p>En seguimiento a las instrucciones del Gobernador Constitucional, Silvano Aureoles Conejo, el secretario de Gobierno, Adri\u00e1n L\u00f3pez Sol\u00eds, realiz\u00f3 la entrega de nombramientos a nuevos integrantes del Gabinete ampliado.<\/p>\n","protected":false},"author":1,"featured_media":26790,"comment_status":"open","ping_status":"open","sticky":false,"template":"","format":"standard","meta":{"footnotes":""},"categories":[14,3],"tags":[],"class_list":["post-26789","post","type-post","status-publish","format-standard","has-post-thumbnail","hentry","category-destacadas","category-gobierno-del-estado-de-michoacan"],"_links":{"self":[{"href":"https:\/\/radiowebmx.com\/nota\/wp-json\/wp\/v2\/posts\/26789","targetHints":{"allow":["GET"]}}],"collection":[{"href":"https:\/\/radiowebmx.com\/nota\/wp-json\/wp\/v2\/posts"}],"about":[{"href":"https:\/\/radiowebmx.com\/nota\/wp-json\/wp\/v2\/types\/post"}],"author":[{"embeddable":true,"href":"https:\/\/radiowebmx.com\/nota\/wp-json\/wp\/v2\/users\/1"}],"replies":[{"embeddable":true,"href":"https:\/\/radiowebmx.com\/nota\/wp-json\/wp\/v2\/comments?post=26789"}],"version-history":[{"count":1,"href":"https:\/\/radiowebmx.com\/nota\/wp-json\/wp\/v2\/posts\/26789\/revisions"}],"predecessor-version":[{"id":26791,"href":"https:\/\/radiowebmx.com\/nota\/wp-json\/wp\/v2\/posts\/26789\/revisions\/26791"}],"wp:featuredmedia":[{"embeddable":true,"href":"https:\/\/radiowebmx.com\/nota\/wp-json\/wp\/v2\/media\/26790"}],"wp:attachment":[{"href":"https:\/\/radiowebmx.com\/nota\/wp-json\/wp\/v2\/media?parent=26789"}],"wp:term":[{"taxonomy":"category","embeddable":true,"href":"https:\/\/radiowebmx.com\/nota\/wp-json\/wp\/v2\/categories?post=26789"},{"taxonomy":"post_tag","embeddable":true,"href":"https:\/\/radiowebmx.com\/nota\/wp-json\/wp\/v2\/tags?post=26789"}],"curies":[{"name":"wp","href":"https:\/\/api.w.org\/{rel}","templated":true}]}}