{"id":26783,"date":"2016-10-19T11:22:37","date_gmt":"2016-10-19T16:22:37","guid":{"rendered":"https:\/\/radiowebmx.com\/nota\/?p=26783"},"modified":"2016-10-19T11:22:37","modified_gmt":"2016-10-19T16:22:37","slug":"clausura-gobernador-xlv-concurso-artistico-de-la-raza-purhepecha","status":"publish","type":"post","link":"https:\/\/radiowebmx.com\/nota\/clausura-gobernador-xlv-concurso-artistico-de-la-raza-purhepecha\/","title":{"rendered":"Clausura Gobernador XLV Concurso Art\u00edstico de la Raza Purh\u00e9pecha"},"content":{"rendered":"<p><strong>Zac\u00e1n, mpio. de Los Reyes, Michoac\u00e1n, a 18 de octubre de 2016.-<\/strong> En una fiesta llena de colorido y cultura, el Gobernador Constitucional Silvano Aureoles Conejo clausur\u00f3 el XLV Concurso Art\u00edstico de la Raza Purh\u00e9pecha, en la comunidad ind\u00edgena de Zac\u00e1n, perteneciente al municipio de Los Reyes.<\/p>\n<p>&nbsp;<\/p>\n<p>En el auditorio &#8220;Dr. Melchor D\u00edaz Rubio&#8221;, el mandatario destac\u00f3 que esta festividad ha sido un punto importante para el crecimiento y reconocimiento de la cultura de la Meseta Pur\u00e9pecha, pues se\u00f1al\u00f3 que en este lugar se congregan las mejores orquestas y danzantes de la regi\u00f3n.<\/p>\n<p>&nbsp;<\/p>\n<p>Ante ello, reconoci\u00f3 a la poblaci\u00f3n de Zac\u00e1n por defender su danza y m\u00fasica, as\u00ed como la gastronom\u00eda y artesan\u00edas que aqu\u00ed se ofrecen.<\/p>\n<p>&nbsp;<\/p>\n<p>&#8220;Las tradiciones se pueden modificar, pero no pierden su esencia. La cultura se hereda de generaci\u00f3n en generaci\u00f3n y nos concede identidad&#8221;.<\/p>\n<p>&nbsp;<\/p>\n<p>Ante los visitantes y pobladores de Zac\u00e1n, Silvano Aureoles manifest\u00f3 que la m\u00fasica y la danza tradicional permite sentir de forma m\u00e1s profunda &#8220;nuestra identidad&#8221;, por ello dijo, &#8220;es importante promover la cultura de nuestra comunidad y practicar las costumbres y h\u00e1bitos para consolidar nuestras tradiciones&#8221;.<\/p>\n<p>&nbsp;<\/p>\n<p>Aureoles Conejo se\u00f1al\u00f3 que mediante la transmisi\u00f3n de nuestras tradiciones, \u201cpodemos asegurarnos que las nuevas generaciones den continuidad a los conocimientos, valores e intereses que los distinguen como comunidad&#8221;.<\/p>\n<p>&nbsp;<\/p>\n<p>Expres\u00f3 que en Michoac\u00e1n se cuenta con diversas tradiciones que se deben preservar, como la Noche de Muertos en la Zona Lacustre, la elaboraci\u00f3n de artesan\u00edas, la cocina tradicional, la m\u00fasica y danza populares.<\/p>\n<p>&nbsp;<\/p>\n<p>&#8220;Es momento de seguir trabajando para fortalecer las tradiciones, pues son las que dan identidad a Michoac\u00e1n&#8221;.<\/p>\n<p>&nbsp;<\/p>\n<p>Por ello, se comprometi\u00f3 a que desde el Gobierno del Estado se trabajar\u00e1 para fortalecer esta festividad. &#8220;Los conmino a respetar y conservar las tradiciones que nos dan identidad, porque son estas las que nos permiten crecer como seres humanos, como comunidad y como sociedad&#8221;.<\/p>\n<p>&nbsp;<\/p>\n<p>Asimismo, felicit\u00f3 a los integrantes del comit\u00e9 organizador del XLV Concurso Art\u00edstico de la Raza Pur\u00e9pecha.<\/p>\n<p>&nbsp;<\/p>\n<p><strong>Inaugura la XV Feria del Atole y VII Muestra de Cocina Tradicional<\/strong><\/p>\n<p>&nbsp;<\/p>\n<p>Momentos antes, Silvano Aureoles inaugur\u00f3 la XV Feria del Atole y VII Muestra de Cocina Tradicional, actividad que busca rescatar las tradiciones de los pueblos pur\u00e9pechas.<\/p>\n<p>&nbsp;<\/p>\n<p>En esta Feria los visitantes pudieron degustar 38 atoles de sabores diferentes entre agrios, dulces y salados.<\/p>\n<p>&nbsp;<\/p>\n<p>De igual manera, participaron las comunidades de Angahuan, Nuevo Zirosto, San Felipe de los Herreros, Corupo, San Lorenzo, Caltzontzin y Zac\u00e1n, lugares pertenecientes a los municipios de Los Reyes y Uruapan.<\/p>\n<p>&nbsp;<\/p>\n<p>Durante esta actividad, el mandatario estatal presenci\u00f3 la danza de &#8220;Las Panaderas&#8221;. De igual manera, recorri\u00f3 la avenida principal de la tenencia de Zac\u00e1n y visit\u00f3 la Casa de las Artesan\u00edas en el que se exhiben piezas que participan en el Concurso Artesanal en textil, madera tallada y elaboraci\u00f3n de sombreros, donde se repartir\u00e1n premios por un monto superior a los 300 mil pesos.<\/p>\n<p>&nbsp;<\/p>\n<p>A esta actividad asistieron la secretaria de Pol\u00edtica Social y enlace en la regi\u00f3n, Miriam Tinoco Soto; el secretario de los Pueblos Ind\u00edgenas, Mart\u00edn Garc\u00eda Avil\u00e9s; la secretaria de Turismo, Claudia Ch\u00e1vez L\u00f3pez; el presidente de la Mesa Directiva del Congreso del Estado, Pascual Sigala P\u00e1ez; el delegado de la Comisi\u00f3n Nacional para el Desarrollo de los Pueblos Ind\u00edgenas, Rafael Mu\u00f1iz Cruz; el presidente del Comit\u00e9 Organizador, Roberto Sinuhe Gamboa Ramos; el jefe de Tenencia de Zac\u00e1n, Jos\u00e9 Luis Gonz\u00e1les Bravo; los diputados, \u00c1ngel Zedillo Hern\u00e1ndez, Jos\u00e9 Guadalupe Hern\u00e1ndez Alcal\u00e1, Roberto Maldonado Hinojosa y Jos\u00e9 Guadalupe Aguilera Rojas; adem\u00e1s de los Presidentes Municipales de Los Reyes, Ting\u00fcind\u00edn, Nahuatzen y Nuevo Parangaricutiro.<\/p>\n","protected":false},"excerpt":{"rendered":"<p>En una fiesta llena de colorido y cultura, el Gobernador Constitucional Silvano Aureoles Conejo clausur\u00f3 el XLV Concurso Art\u00edstico de la Raza Purh\u00e9pecha, en la comunidad ind\u00edgena de Zac\u00e1n, perteneciente al municipio de Los Reyes.<\/p>\n","protected":false},"author":1,"featured_media":26784,"comment_status":"open","ping_status":"open","sticky":false,"template":"","format":"standard","meta":{"footnotes":""},"categories":[14,3],"tags":[],"class_list":["post-26783","post","type-post","status-publish","format-standard","has-post-thumbnail","hentry","category-destacadas","category-gobierno-del-estado-de-michoacan"],"_links":{"self":[{"href":"https:\/\/radiowebmx.com\/nota\/wp-json\/wp\/v2\/posts\/26783","targetHints":{"allow":["GET"]}}],"collection":[{"href":"https:\/\/radiowebmx.com\/nota\/wp-json\/wp\/v2\/posts"}],"about":[{"href":"https:\/\/radiowebmx.com\/nota\/wp-json\/wp\/v2\/types\/post"}],"author":[{"embeddable":true,"href":"https:\/\/radiowebmx.com\/nota\/wp-json\/wp\/v2\/users\/1"}],"replies":[{"embeddable":true,"href":"https:\/\/radiowebmx.com\/nota\/wp-json\/wp\/v2\/comments?post=26783"}],"version-history":[{"count":1,"href":"https:\/\/radiowebmx.com\/nota\/wp-json\/wp\/v2\/posts\/26783\/revisions"}],"predecessor-version":[{"id":26785,"href":"https:\/\/radiowebmx.com\/nota\/wp-json\/wp\/v2\/posts\/26783\/revisions\/26785"}],"wp:featuredmedia":[{"embeddable":true,"href":"https:\/\/radiowebmx.com\/nota\/wp-json\/wp\/v2\/media\/26784"}],"wp:attachment":[{"href":"https:\/\/radiowebmx.com\/nota\/wp-json\/wp\/v2\/media?parent=26783"}],"wp:term":[{"taxonomy":"category","embeddable":true,"href":"https:\/\/radiowebmx.com\/nota\/wp-json\/wp\/v2\/categories?post=26783"},{"taxonomy":"post_tag","embeddable":true,"href":"https:\/\/radiowebmx.com\/nota\/wp-json\/wp\/v2\/tags?post=26783"}],"curies":[{"name":"wp","href":"https:\/\/api.w.org\/{rel}","templated":true}]}}