{"id":26779,"date":"2016-10-18T14:56:36","date_gmt":"2016-10-18T19:56:36","guid":{"rendered":"https:\/\/radiowebmx.com\/nota\/?p=26779"},"modified":"2016-10-18T14:56:36","modified_gmt":"2016-10-18T19:56:36","slug":"conviven-jugadores-de-monarcas-morelia-con-pacientes-oncologicas","status":"publish","type":"post","link":"https:\/\/radiowebmx.com\/nota\/conviven-jugadores-de-monarcas-morelia-con-pacientes-oncologicas\/","title":{"rendered":"Conviven jugadores de Monarcas Morelia con pacientes oncol\u00f3gicas"},"content":{"rendered":"<p><strong>Morelia, Michoac\u00e1n a 18 de octubre de 2016<\/strong>.- Como parte de las actividades del mes de sensibilizaci\u00f3n sobre el c\u00e1ncer de mama, el Sistema para el Desarrollo Integral de la Familia (DIF) Michoac\u00e1n, en coordinaci\u00f3n con el Club Monarcas Morelia, la Secretar\u00eda de Salud en el Estado y el DIF Morelia realizaron una convivencia con los jugadores y sobrevivientes de c\u00e1ncer.<\/p>\n<p>En representaci\u00f3n de Roc\u00edo Beamonte Romero, directora General del Sistema DIF Michoac\u00e1n,\u00a0 Patricia Hern\u00e1ndez Garc\u00eda de Le\u00f3n, coordinadora Estatal de Ni\u00f1os Oncol\u00f3gicos, hizo un llamado a las mujeres michoacanas a que se realicen la autoexploraci\u00f3n y la mastograf\u00eda para detectar a tiempo la enfermedad.<\/p>\n<p>En este sentido,\u00a0Patricia Hern\u00e1ndez felicit\u00f3 a las sobrevivientes para que contin\u00faen con su tratamiento, &#8220;ustedes son unas guerreras y a diario nos demuestran su valent\u00eda, no se dejen vencer y exhorten a otras mujeres a que acudan a revisi\u00f3n y as\u00ed vencer este padecimiento con un tratamiento oportuno&#8221;.<\/p>\n<p>Enrique Everardo Meza Enr\u00edquez, entrenador del equipo Monarcas resalt\u00f3 la fuerza de voluntad y el entusiasmo de las pacientes oncol\u00f3gicas, &#8220;con mucho cari\u00f1o de parte del club, agradecemos una visita tan agradable como la de ustedes&#8221;.<\/p>\n<p>Con firma de aut\u00f3grafos, regalos, fotos con los jugadores y con el<em>S\u00faper Monarca<\/em>, las pacientes pasaron una ma\u00f1ana de sana convivencia donde celebraron ser vencedoras de esta enfermedad.<\/p>\n","protected":false},"excerpt":{"rendered":"<p>Como parte de las actividades del mes de sensibilizaci\u00f3n sobre el c\u00e1ncer de mama, el Sistema para el Desarrollo Integral de la Familia (DIF) Michoac\u00e1n, en coordinaci\u00f3n con el Club Monarcas Morelia, la Secretar\u00eda de Salud en el Estado y el DIF Morelia realizaron una convivencia con los jugadores y sobrevivientes de c\u00e1ncer.<\/p>\n","protected":false},"author":1,"featured_media":26780,"comment_status":"open","ping_status":"open","sticky":false,"template":"","format":"standard","meta":{"footnotes":""},"categories":[14,3],"tags":[],"class_list":["post-26779","post","type-post","status-publish","format-standard","has-post-thumbnail","hentry","category-destacadas","category-gobierno-del-estado-de-michoacan"],"_links":{"self":[{"href":"https:\/\/radiowebmx.com\/nota\/wp-json\/wp\/v2\/posts\/26779","targetHints":{"allow":["GET"]}}],"collection":[{"href":"https:\/\/radiowebmx.com\/nota\/wp-json\/wp\/v2\/posts"}],"about":[{"href":"https:\/\/radiowebmx.com\/nota\/wp-json\/wp\/v2\/types\/post"}],"author":[{"embeddable":true,"href":"https:\/\/radiowebmx.com\/nota\/wp-json\/wp\/v2\/users\/1"}],"replies":[{"embeddable":true,"href":"https:\/\/radiowebmx.com\/nota\/wp-json\/wp\/v2\/comments?post=26779"}],"version-history":[{"count":1,"href":"https:\/\/radiowebmx.com\/nota\/wp-json\/wp\/v2\/posts\/26779\/revisions"}],"predecessor-version":[{"id":26781,"href":"https:\/\/radiowebmx.com\/nota\/wp-json\/wp\/v2\/posts\/26779\/revisions\/26781"}],"wp:featuredmedia":[{"embeddable":true,"href":"https:\/\/radiowebmx.com\/nota\/wp-json\/wp\/v2\/media\/26780"}],"wp:attachment":[{"href":"https:\/\/radiowebmx.com\/nota\/wp-json\/wp\/v2\/media?parent=26779"}],"wp:term":[{"taxonomy":"category","embeddable":true,"href":"https:\/\/radiowebmx.com\/nota\/wp-json\/wp\/v2\/categories?post=26779"},{"taxonomy":"post_tag","embeddable":true,"href":"https:\/\/radiowebmx.com\/nota\/wp-json\/wp\/v2\/tags?post=26779"}],"curies":[{"name":"wp","href":"https:\/\/api.w.org\/{rel}","templated":true}]}}