{"id":26766,"date":"2016-10-18T14:17:56","date_gmt":"2016-10-18T19:17:56","guid":{"rendered":"https:\/\/radiowebmx.com\/nota\/?p=26766"},"modified":"2016-10-18T14:17:56","modified_gmt":"2016-10-18T19:17:56","slug":"todo-listo-para-el-relevo-institucional-en-la-see","status":"publish","type":"post","link":"https:\/\/radiowebmx.com\/nota\/todo-listo-para-el-relevo-institucional-en-la-see\/","title":{"rendered":"Todo listo para el relevo institucional en la SEE"},"content":{"rendered":"<table class=\"x_mcnTextBlock\" border=\"0\" width=\"100%\" cellspacing=\"0\" cellpadding=\"0\">\n<tbody class=\"x_mcnTextBlockOuter\">\n<tr>\n<td class=\"x_mcnTextBlockInner\" valign=\"top\">\n<table class=\"x_mcnTextContentContainer\" border=\"0\" width=\"100%\" cellspacing=\"0\" cellpadding=\"0\" align=\"left\">\n<tbody>\n<tr>\n<td class=\"x_mcnTextContent\" valign=\"top\"><center><\/p>\n<table id=\"x_contenido\" style=\"height: 335px;\" border=\"0\" width=\"702\" cellspacing=\"0\" cellpadding=\"0\">\n<tbody>\n<tr>\n<td><strong>Morelia, Michoac\u00e1n, a 18 de octubre de 2016.- <\/strong>Luego de priorizar el di\u00e1logo, de maner pac\u00edfica las instalaciones de la Secretar\u00eda de Educaci\u00f3n en el Estado (SEE) fueron reabiertas a fin de realizar el relevo institucional en esta dependencia estatal.<\/p>\n<p>De manera voluntaria trabajadores de la educaci\u00f3n que manten\u00edan cerradas las instalaciones salieron del lugar, por lo que en orden y tranquilidad se realizar\u00e1 el relevo institucional, quedando al frente de la instituci\u00f3n Alberto Frutis Sol\u00eds.<\/p>\n<p>Cabe se\u00f1alar que la presencia de elementos del Grupo de Operaciones Espaciales (GOE) fue para resguardar la sede central de la SEE y garantizar la seguridad de quienes arribar\u00e1n a las instalaciones.<\/p>\n<p>En presencia de notarios y cumpliendo con los lineamientos legales, se hizo entrega de las instalaciones, lo que permitir\u00e1 reanudar las actividades en esta dependencia estatal.<\/p>\n<p>A partir de este momento la SEE reanuda la atenci\u00f3n al p\u00fablico para con ello dar continuidad al trabajo administrativo y mantener el compromiso de fortalecer la labor educativa en la entidad,\u00a0 por lo que el nuevo titular refrenda la apertura al di\u00e1logo con el sector educativo.<\/td>\n<\/tr>\n<\/tbody>\n<\/table>\n<p><\/center><\/td>\n<\/tr>\n<\/tbody>\n<\/table>\n<\/td>\n<\/tr>\n<\/tbody>\n<\/table>\n<table class=\"x_mcnDividerBlock\" border=\"0\" width=\"100%\" cellspacing=\"0\" cellpadding=\"0\">\n<tbody class=\"x_mcnDividerBlockOuter\">\n<tr>\n<td class=\"x_mcnDividerBlockInner\">\n<table class=\"x_mcnDividerContent\" border=\"0\" width=\"100%\" cellspacing=\"0\" cellpadding=\"0\">\n<tbody>\n<tr>\n<td><\/td>\n<\/tr>\n<\/tbody>\n<\/table>\n<\/td>\n<\/tr>\n<\/tbody>\n<\/table>\n","protected":false},"excerpt":{"rendered":"<p>Luego de priorizar el di\u00e1logo, de manera pac\u00edfica las instalaciones de la Secretar\u00eda de Educaci\u00f3n en el Estado (SEE) fueron reabiertas a fin de realizar el relevo institucional en esta dependencia estatal.<\/p>\n","protected":false},"author":1,"featured_media":26767,"comment_status":"open","ping_status":"open","sticky":false,"template":"","format":"standard","meta":{"footnotes":""},"categories":[14,3],"tags":[],"class_list":["post-26766","post","type-post","status-publish","format-standard","has-post-thumbnail","hentry","category-destacadas","category-gobierno-del-estado-de-michoacan"],"_links":{"self":[{"href":"https:\/\/radiowebmx.com\/nota\/wp-json\/wp\/v2\/posts\/26766","targetHints":{"allow":["GET"]}}],"collection":[{"href":"https:\/\/radiowebmx.com\/nota\/wp-json\/wp\/v2\/posts"}],"about":[{"href":"https:\/\/radiowebmx.com\/nota\/wp-json\/wp\/v2\/types\/post"}],"author":[{"embeddable":true,"href":"https:\/\/radiowebmx.com\/nota\/wp-json\/wp\/v2\/users\/1"}],"replies":[{"embeddable":true,"href":"https:\/\/radiowebmx.com\/nota\/wp-json\/wp\/v2\/comments?post=26766"}],"version-history":[{"count":1,"href":"https:\/\/radiowebmx.com\/nota\/wp-json\/wp\/v2\/posts\/26766\/revisions"}],"predecessor-version":[{"id":26768,"href":"https:\/\/radiowebmx.com\/nota\/wp-json\/wp\/v2\/posts\/26766\/revisions\/26768"}],"wp:featuredmedia":[{"embeddable":true,"href":"https:\/\/radiowebmx.com\/nota\/wp-json\/wp\/v2\/media\/26767"}],"wp:attachment":[{"href":"https:\/\/radiowebmx.com\/nota\/wp-json\/wp\/v2\/media?parent=26766"}],"wp:term":[{"taxonomy":"category","embeddable":true,"href":"https:\/\/radiowebmx.com\/nota\/wp-json\/wp\/v2\/categories?post=26766"},{"taxonomy":"post_tag","embeddable":true,"href":"https:\/\/radiowebmx.com\/nota\/wp-json\/wp\/v2\/tags?post=26766"}],"curies":[{"name":"wp","href":"https:\/\/api.w.org\/{rel}","templated":true}]}}