{"id":26758,"date":"2016-10-18T11:35:34","date_gmt":"2016-10-18T16:35:34","guid":{"rendered":"https:\/\/radiowebmx.com\/nota\/?p=26758"},"modified":"2016-10-18T11:35:34","modified_gmt":"2016-10-18T16:35:34","slug":"se-suma-la-federacion-a-programas-por-la-cultura-de-la-paz","status":"publish","type":"post","link":"https:\/\/radiowebmx.com\/nota\/se-suma-la-federacion-a-programas-por-la-cultura-de-la-paz\/","title":{"rendered":"Se suma la federaci\u00f3n a programas por la cultura de la paz"},"content":{"rendered":"<p class=\"x_MsoNormal\"><b>Ciudad de M\u00e9xico, octubre 17 de 2016<\/b>.-\u00a0 &#8220;En el fortalecimiento de\u00a0 los programas por la cultura de la paz, de prevenci\u00f3n social y participaci\u00f3n ciudadana; no vamos solos y aceleraremos\u00a0 el paso&#8221; coincidieron en se\u00f1alar el\u00a0 Subsecretario de Prevenci\u00f3n y Participaci\u00f3n Ciudadana Mtro. Alberto Begn\u00e9 Guerra y el Dip. Wilfrido L\u00e1zaro Medina.<\/p>\n<p class=\"x_MsoNormal\">Lo anterior, luego de que el Presidente de la Comisi\u00f3n de Seguridad P\u00fablica y Protecci\u00f3n Civil, de la LXXIII Legislatura y Begn\u00e9 Guerra juntos, dieron lectura a la publicaci\u00f3n al peri\u00f3dico oficial donde aparece la nueva ley de la Cultura de la Paz y Prevenci\u00f3n para Michoac\u00e1n.<\/p>\n<p class=\"x_MsoNormal\">&#8220;Es una buena herramienta legal para seguir insistiendo en buscar que la sociedad se involucre en formas de organizaci\u00f3n para cuidar de sus hijos, de sus barrio y sus comunidades y, en esta tarea, no aflojaremos el paso&#8221; dijo el maestro Begn\u00e9 al recibir\u00a0 una copia del peri\u00f3dico oficial.<\/p>\n<p class=\"x_MsoNormal\">Por su parte y con el mismo prop\u00f3sito,\u00a0 el Lic. Joaqu\u00edn Araico R\u00edo, estableci\u00f3 el compromiso de\u00a0 participar de los di\u00e1logos para construir la paz en Michoac\u00e1n y otras actividades que se coordinen con el Ejecutivo del Estado y los municipios para que la ley reci\u00e9n promulgada sea concretada con recursos propios de los municipios y el estado adem\u00e1s de los que sea posible obtener de la federaci\u00f3n.<\/p>\n<p class=\"x_MsoNormal\">En este contexto L\u00e1zaro Medina, tambi\u00e9n expresidente municipal de Morelia, adelant\u00f3 que el pr\u00f3ximo mi\u00e9rcoles 19, presentar\u00e1 un Punto de Acuerdo para solicitar a la C\u00e1mara de Diputados Federal, que se asignen recursos para los programas de prevenci\u00f3n en 2017 porque esa es una pol\u00edtica de fondo para promover la cultura de paz.<\/p>\n<p class=\"x_MsoNormal\">Finalmente el legislador michoacano coment\u00f3 que a\u00fan con la ley en la mano, la tarea no es sencilla pero reiter\u00f3 que ser\u00e1 perseverante en buscar incrementar cada d\u00eda la participaci\u00f3n social en el marco de una nueva cultura por la paz.<\/p>\n","protected":false},"excerpt":{"rendered":"<p>&#8220;En el fortalecimiento de  los programas por la cultura de la paz, de prevenci\u00f3n social y participaci\u00f3n ciudadana; no vamos solos y aceleraremos  el paso&#8221; coincidieron en se\u00f1alar el  Subsecretario de Prevenci\u00f3n y Participaci\u00f3n Ciudadana Mtro. Alberto Begn\u00e9 Guerra y el Dip. Wilfrido L\u00e1zaro Medina.<\/p>\n","protected":false},"author":1,"featured_media":26759,"comment_status":"open","ping_status":"open","sticky":false,"template":"","format":"standard","meta":{"footnotes":""},"categories":[6,14,7],"tags":[],"class_list":["post-26758","post","type-post","status-publish","format-standard","has-post-thumbnail","hentry","category-congreso-del-estado","category-destacadas","category-grupo-parlamentario-del-pri"],"_links":{"self":[{"href":"https:\/\/radiowebmx.com\/nota\/wp-json\/wp\/v2\/posts\/26758","targetHints":{"allow":["GET"]}}],"collection":[{"href":"https:\/\/radiowebmx.com\/nota\/wp-json\/wp\/v2\/posts"}],"about":[{"href":"https:\/\/radiowebmx.com\/nota\/wp-json\/wp\/v2\/types\/post"}],"author":[{"embeddable":true,"href":"https:\/\/radiowebmx.com\/nota\/wp-json\/wp\/v2\/users\/1"}],"replies":[{"embeddable":true,"href":"https:\/\/radiowebmx.com\/nota\/wp-json\/wp\/v2\/comments?post=26758"}],"version-history":[{"count":1,"href":"https:\/\/radiowebmx.com\/nota\/wp-json\/wp\/v2\/posts\/26758\/revisions"}],"predecessor-version":[{"id":26760,"href":"https:\/\/radiowebmx.com\/nota\/wp-json\/wp\/v2\/posts\/26758\/revisions\/26760"}],"wp:featuredmedia":[{"embeddable":true,"href":"https:\/\/radiowebmx.com\/nota\/wp-json\/wp\/v2\/media\/26759"}],"wp:attachment":[{"href":"https:\/\/radiowebmx.com\/nota\/wp-json\/wp\/v2\/media?parent=26758"}],"wp:term":[{"taxonomy":"category","embeddable":true,"href":"https:\/\/radiowebmx.com\/nota\/wp-json\/wp\/v2\/categories?post=26758"},{"taxonomy":"post_tag","embeddable":true,"href":"https:\/\/radiowebmx.com\/nota\/wp-json\/wp\/v2\/tags?post=26758"}],"curies":[{"name":"wp","href":"https:\/\/api.w.org\/{rel}","templated":true}]}}