{"id":26729,"date":"2016-10-17T13:23:52","date_gmt":"2016-10-17T18:23:52","guid":{"rendered":"https:\/\/radiowebmx.com\/nota\/?p=26729"},"modified":"2016-10-17T13:23:52","modified_gmt":"2016-10-17T18:23:52","slug":"silvano-tiene-la-oportunidad-de-reencontrarse-con-la-gente-garcia-chavira","status":"publish","type":"post","link":"https:\/\/radiowebmx.com\/nota\/silvano-tiene-la-oportunidad-de-reencontrarse-con-la-gente-garcia-chavira\/","title":{"rendered":"Silvano tiene la oportunidad de reencontrarse con la gente: Garc\u00eda Chavira"},"content":{"rendered":"<p class=\"x_MsoNormal\"><b>Morelia; Michoac\u00e1n, 17 de octubre de 2016<\/b>.- El diputado del Partido Acci\u00f3n Nacional (PAN) Eduardo Garc\u00eda Chavira se\u00f1al\u00f3 que \u201cel gobernador Silvano Aureoles Conejo tiene la oportunidad de reencontrarse con la gente que le brind\u00f3 su confianza hace un a\u00f1o, o ponerse definitivamente de espaldas a la realidad\u201d, ello ante la grave crisis de seguridad y gobernabilidad que evidencia que el gobierno estatal no tiene el control de la situaci\u00f3n, y frente a esto no podemos ser indiferentes.<\/p>\n<p class=\"x_MsoNormal\">\n<p class=\"x_MsoNormal\">Luego de los cambios en su equipo de gobierno, Garc\u00eda Chavira\u00a0 hizo votos para que no se trate solo de cambiar compa\u00f1eros de partido y aliados que no dieron resultados, por otros que solo vengan a cumplir un plan y un prop\u00f3sito pol\u00edtico<\/p>\n<p class=\"x_MsoNormal\">\n<p class=\"x_MsoNormal\">En este sentido, opin\u00f3 que es momento del cambio trascendente que espera la gente y retomar de forma seria las pol\u00edticas que los ciudadanos exigen, por lo cual, ante los recientes relevos \u201cestar\u00e9 muy pendiente\u201d.<\/p>\n<p class=\"x_MsoNormal\">\n<p class=\"x_MsoNormal\">Asimismo, agreg\u00f3 que si en los enroques del gabinete se integraron los m\u00e1s calificados y vienen a servir con pasi\u00f3n y compromiso a los michoacanos, \u201clo vamos a aplaudir y estaremos desde el Congreso del lado de las soluciones y las pol\u00edticas que se instrumenten en beneficio de la gente\u201d.<\/p>\n<p class=\"x_MsoNormal\">\n<p class=\"x_MsoNormal\">No obstante, advirti\u00f3 Garc\u00eda Chavira que si por el contrario, los nuevos secretarios vienen solamente a cumplir su agenda pol\u00edtica y a ser indiferentes ante los problemas de la gente, ser\u00e1 de los primeros en elevar su voz, como hasta ahora lo ha hecho.<\/p>\n","protected":false},"excerpt":{"rendered":"<p>El diputado del PAN, Eduardo Garc\u00eda Chavira se\u00f1al\u00f3 que \u201cel gobernador tiene la oportunidad de reencontrarse con la gente que le brind\u00f3 su confianza hace un a\u00f1o, o ponerse definitivamente de espaldas a la realidad\u201d, ello ante la grave crisis de seguridad y gobernabilidad que evidencia que el gobierno estatal no tiene el control de la situaci\u00f3n,<\/p>\n","protected":false},"author":1,"featured_media":26730,"comment_status":"open","ping_status":"open","sticky":false,"template":"","format":"standard","meta":{"footnotes":""},"categories":[6,14,8],"tags":[],"class_list":["post-26729","post","type-post","status-publish","format-standard","has-post-thumbnail","hentry","category-congreso-del-estado","category-destacadas","category-grupo-parlamentario-del-pan"],"_links":{"self":[{"href":"https:\/\/radiowebmx.com\/nota\/wp-json\/wp\/v2\/posts\/26729","targetHints":{"allow":["GET"]}}],"collection":[{"href":"https:\/\/radiowebmx.com\/nota\/wp-json\/wp\/v2\/posts"}],"about":[{"href":"https:\/\/radiowebmx.com\/nota\/wp-json\/wp\/v2\/types\/post"}],"author":[{"embeddable":true,"href":"https:\/\/radiowebmx.com\/nota\/wp-json\/wp\/v2\/users\/1"}],"replies":[{"embeddable":true,"href":"https:\/\/radiowebmx.com\/nota\/wp-json\/wp\/v2\/comments?post=26729"}],"version-history":[{"count":1,"href":"https:\/\/radiowebmx.com\/nota\/wp-json\/wp\/v2\/posts\/26729\/revisions"}],"predecessor-version":[{"id":26731,"href":"https:\/\/radiowebmx.com\/nota\/wp-json\/wp\/v2\/posts\/26729\/revisions\/26731"}],"wp:featuredmedia":[{"embeddable":true,"href":"https:\/\/radiowebmx.com\/nota\/wp-json\/wp\/v2\/media\/26730"}],"wp:attachment":[{"href":"https:\/\/radiowebmx.com\/nota\/wp-json\/wp\/v2\/media?parent=26729"}],"wp:term":[{"taxonomy":"category","embeddable":true,"href":"https:\/\/radiowebmx.com\/nota\/wp-json\/wp\/v2\/categories?post=26729"},{"taxonomy":"post_tag","embeddable":true,"href":"https:\/\/radiowebmx.com\/nota\/wp-json\/wp\/v2\/tags?post=26729"}],"curies":[{"name":"wp","href":"https:\/\/api.w.org\/{rel}","templated":true}]}}