{"id":26726,"date":"2016-10-17T13:14:40","date_gmt":"2016-10-17T18:14:40","guid":{"rendered":"https:\/\/radiowebmx.com\/nota\/?p=26726"},"modified":"2016-10-17T13:14:40","modified_gmt":"2016-10-17T18:14:40","slug":"gerencia-del-patrimonio-cultural-cuantifica-danos-por-grafiti","status":"publish","type":"post","link":"https:\/\/radiowebmx.com\/nota\/gerencia-del-patrimonio-cultural-cuantifica-danos-por-grafiti\/","title":{"rendered":"Gerencia del Patrimonio Cultural cuantifica da\u00f1os por grafiti"},"content":{"rendered":"<p>Durante el pasado fin de semana, las pintas en inmuebles del Primer Cuadro de la ciudad dejaron un total de 230 metros cuadrados da\u00f1ados por el grafiti, lo que representa un total de 115 mil de pesos el costo de reparaci\u00f3n, as\u00ed lo inform\u00f3 el titular de la Gerencia de Patrimonio Cultural de Morelia, Gaspar Hern\u00e1ndez Razo.<\/p>\n<p>Por ello, cumpliendo con la instrucci\u00f3n del Presidente Municipal, Alfonso Mart\u00ednez Alc\u00e1zar, la Gerencia contin\u00faa este lunes con la limpia en los edificios da\u00f1ados ya que es una prioridad para el actual Gobierno brindar un Centro digno para todos los morelianos y visitantes.<\/p>\n<p>Hern\u00e1ndez Razo, explic\u00f3 que entre las calles en donde se registraron mayores pintas son: Avenida Madero, calle Eduardo Ru\u00edz a la altura de la antigua Central Camionera, calle Valent\u00edn G\u00f3mez Far\u00edas, Allende y Santiago Tapia esquina con Abasolo, que son las vialidades por donde transitaron las manifestaciones sociales.<\/p>\n<p>De igual forma dio a conocer que las edificaciones da\u00f1adas fueron: el Centro Cultural Universitario, las preparatorias ubicadas sobre Avenida Madero, las instalaciones de una radiodifusora, bancos y negocios que se ubican sobre la Avenida Madero, Palacio de Gobierno, Palacio Federal, los portales y la Antigua Central Camionera.<\/p>\n<p>Cabe mencionar que los trabajos de limpieza comenzaron desde el domingo por la ma\u00f1ana y continuar\u00e1n a lo largo de esta semana, esto con la finalidad de dar una mejor imagen a esta zona de la ciudad, de cara a los eventos internacionales de los que la capital de Michoac\u00e1n ser\u00e1 sede.<\/p>\n<p>Finalmente, Gaspar Hern\u00e1ndez exhort\u00f3 a la ciudadan\u00eda a cuidar el Centro Hist\u00f3rico, ya que es un lugar en donde familias pueden convivir de una manera sana disfrutando de los atractivos culturales que ofrece Morelia, Ciudad Patrimonio de la Humanidad.<\/p>\n","protected":false},"excerpt":{"rendered":"<p>Durante el pasado fin de semana, las pintas en inmuebles del Primer Cuadro de la ciudad dejaron un total de 230 metros cuadrados da\u00f1ados por el grafiti, lo que representa un total de 115 mil de pesos el costo de reparaci\u00f3n, as\u00ed lo inform\u00f3 el titular de la Gerencia de Patrimonio Cultural de Morelia, Gaspar Hern\u00e1ndez Razo.<\/p>\n","protected":false},"author":1,"featured_media":26727,"comment_status":"open","ping_status":"open","sticky":false,"template":"","format":"standard","meta":{"footnotes":""},"categories":[14,9],"tags":[],"class_list":["post-26726","post","type-post","status-publish","format-standard","has-post-thumbnail","hentry","category-destacadas","category-morelia"],"_links":{"self":[{"href":"https:\/\/radiowebmx.com\/nota\/wp-json\/wp\/v2\/posts\/26726","targetHints":{"allow":["GET"]}}],"collection":[{"href":"https:\/\/radiowebmx.com\/nota\/wp-json\/wp\/v2\/posts"}],"about":[{"href":"https:\/\/radiowebmx.com\/nota\/wp-json\/wp\/v2\/types\/post"}],"author":[{"embeddable":true,"href":"https:\/\/radiowebmx.com\/nota\/wp-json\/wp\/v2\/users\/1"}],"replies":[{"embeddable":true,"href":"https:\/\/radiowebmx.com\/nota\/wp-json\/wp\/v2\/comments?post=26726"}],"version-history":[{"count":1,"href":"https:\/\/radiowebmx.com\/nota\/wp-json\/wp\/v2\/posts\/26726\/revisions"}],"predecessor-version":[{"id":26728,"href":"https:\/\/radiowebmx.com\/nota\/wp-json\/wp\/v2\/posts\/26726\/revisions\/26728"}],"wp:featuredmedia":[{"embeddable":true,"href":"https:\/\/radiowebmx.com\/nota\/wp-json\/wp\/v2\/media\/26727"}],"wp:attachment":[{"href":"https:\/\/radiowebmx.com\/nota\/wp-json\/wp\/v2\/media?parent=26726"}],"wp:term":[{"taxonomy":"category","embeddable":true,"href":"https:\/\/radiowebmx.com\/nota\/wp-json\/wp\/v2\/categories?post=26726"},{"taxonomy":"post_tag","embeddable":true,"href":"https:\/\/radiowebmx.com\/nota\/wp-json\/wp\/v2\/tags?post=26726"}],"curies":[{"name":"wp","href":"https:\/\/api.w.org\/{rel}","templated":true}]}}