{"id":2671,"date":"2013-05-24T11:50:26","date_gmt":"2013-05-24T16:50:26","guid":{"rendered":"https:\/\/radiowebmx.com\/nota\/?p=2671"},"modified":"2013-05-28T12:55:16","modified_gmt":"2013-05-28T17:55:16","slug":"654-mujeres-de-cuanajo-se-comprometen-a-exigir-sus-derechos","status":"publish","type":"post","link":"https:\/\/radiowebmx.com\/nota\/654-mujeres-de-cuanajo-se-comprometen-a-exigir-sus-derechos\/","title":{"rendered":"654 mujeres de Cuanajo se comprometen a exigir sus derechos"},"content":{"rendered":"<p><a href=\"https:\/\/radiowebmx.com\/nota\/wp-content\/uploads\/2013\/05\/IMG_3585.jpg\"><img loading=\"lazy\" decoding=\"async\" class=\"alignleft size-full wp-image-2672\" title=\"IMG_3585\" src=\"https:\/\/radiowebmx.com\/nota\/wp-content\/uploads\/2013\/05\/IMG_3585.jpg\" alt=\"\" width=\"591\" height=\"272\" \/><\/a>Erradicaci\u00f3n de la violencia en las familias y las escuelas; respuesta contra el bullying, el pandillerismo, la drogadicci\u00f3n y el alcoholismo; empoderamiento de las mujeres; protecci\u00f3n animal y medioambiental; garant\u00eda de acceso a la salud y tratamiento responsable de los desechos s\u00f3lidos, son algunos de los temas nodales que conforman la Agenda Social de las Mujeres de Cuanajo 2013, documento resultante del \u201cCurso-Taller sobre Violencia de G\u00e9nero con enfoque \u00e9tnico\u201d, realizado por Grupo De Facto Diversidad Sexual,\u00a0en el que participaron 654 mujeres y 12 hombres de la tenencia de Cuanajo, municipio de P\u00e1tzcuaro.<\/p>\n<p>&nbsp;<\/p>\n<p>El d\u00eda de hoy se entregaron constancias a los participantes de este taller, con la presencia de titulares y representantes de la tenencia de Cuanajo, el programa IMSS Oportunidades, la Fundaci\u00f3n Mexicana para la Planeaci\u00f3n Familiar (Mexfam), la Comisi\u00f3n Estatal de Derechos Humanos (CEDH), el Instituto de Transparencia y Acceso a la Informaci\u00f3n P\u00fablica del Estado (Itaimich) y el Consejo para el nuevo sistema de justicia penal en Michoac\u00e1n, quienes durante el desarrollo del curso-taller instaron a los asistentes a conocer sus derechos y hacerlos valer.<\/p>\n<p>&nbsp;<\/p>\n<p>Luego de la ceremonia, se realiz\u00f3 una funci\u00f3n de la obra de teatro \u201cCarmelita, guardiana de la justicia\u201d, que inculca en el p\u00fablico los principios y beneficios de la justicia alternativa.\u00a0 Asimismo, el \u00f3rgano implementador del Nuevo sistema de justicia penal ofreci\u00f3, a quien as\u00ed lo requiriera, orientaci\u00f3n jur\u00eddica a trav\u00e9s de la jueza octava penal de primera instancia de Morelia, Mar\u00eda Elena Carrillo Govea, y la defensora de oficio en materia penal adscrita a P\u00e1tzcuaro, Sara Alva Rodr\u00edguez.<\/p>\n<p>Los prop\u00f3sitos del curso taller se orientaron a sensibilizar e informar sobre las tem\u00e1ticas de discriminaci\u00f3n y violencia, derechos humanos, transparencia y rendici\u00f3n de cuentas y sobre el Nuevo sistema de justicia penal, y apoyar la integraci\u00f3n de la agenda social de las necesidades de las mujeres en Cuanajo, explic\u00f3 Gerardo Herrera, presidente de Grupo de Facto.<\/p>\n<p>La log\u00edstica del curso-taller se desarroll\u00f3 en 17 sesiones atendiendo a 654 mujeres en total, durante los meses de febrero, marzo, abril y mayo de 2013 y contando con la participaci\u00f3n de Itaimich, la CEDH y el Consejo para el nuevo sistema de justicia penal, quienes ofrecieron informaci\u00f3n a los participantes sobre sus materias espec\u00edficas.<\/p>\n<p>&nbsp;<\/p>\n<p>Grupo De Facto Diversidad Sexual en Michoac\u00e1n es una organizaci\u00f3n de base comunitaria, cuyos objetivos son promover ante los poderes p\u00fablicos las pol\u00edticas p\u00fablicas y los marcos normativos para mejorar las condiciones de vida de los grupos vulnerados, entre ellos mujeres ind\u00edgenas.<\/p>\n<p>&nbsp;<\/p>\n<p>De esta manera y sumando esfuerzos con organizaciones de la sociedad civil, el \u00f3rgano implementador del sistema penal acusatorio en Michoac\u00e1n contin\u00faa la labor de difusi\u00f3n y sensibilizaci\u00f3n ante la pr\u00f3xima entrada en vigor de este nuevo modelo de justicia el 3 de febrero de 2013 en la regi\u00f3n Morelia.<\/p>\n","protected":false},"excerpt":{"rendered":"<p>Erradicaci\u00f3n de la violencia en las familias y las escuelas; respuesta contra el bullying, el pandillerismo, la drogadicci\u00f3n y el alcoholismo; <\/p>\n","protected":false},"author":1,"featured_media":0,"comment_status":"open","ping_status":"open","sticky":false,"template":"","format":"standard","meta":{"footnotes":""},"categories":[14,3],"tags":[],"class_list":["post-2671","post","type-post","status-publish","format-standard","hentry","category-destacadas","category-gobierno-del-estado-de-michoacan"],"_links":{"self":[{"href":"https:\/\/radiowebmx.com\/nota\/wp-json\/wp\/v2\/posts\/2671","targetHints":{"allow":["GET"]}}],"collection":[{"href":"https:\/\/radiowebmx.com\/nota\/wp-json\/wp\/v2\/posts"}],"about":[{"href":"https:\/\/radiowebmx.com\/nota\/wp-json\/wp\/v2\/types\/post"}],"author":[{"embeddable":true,"href":"https:\/\/radiowebmx.com\/nota\/wp-json\/wp\/v2\/users\/1"}],"replies":[{"embeddable":true,"href":"https:\/\/radiowebmx.com\/nota\/wp-json\/wp\/v2\/comments?post=2671"}],"version-history":[{"count":4,"href":"https:\/\/radiowebmx.com\/nota\/wp-json\/wp\/v2\/posts\/2671\/revisions"}],"predecessor-version":[{"id":2753,"href":"https:\/\/radiowebmx.com\/nota\/wp-json\/wp\/v2\/posts\/2671\/revisions\/2753"}],"wp:attachment":[{"href":"https:\/\/radiowebmx.com\/nota\/wp-json\/wp\/v2\/media?parent=2671"}],"wp:term":[{"taxonomy":"category","embeddable":true,"href":"https:\/\/radiowebmx.com\/nota\/wp-json\/wp\/v2\/categories?post=2671"},{"taxonomy":"post_tag","embeddable":true,"href":"https:\/\/radiowebmx.com\/nota\/wp-json\/wp\/v2\/tags?post=2671"}],"curies":[{"name":"wp","href":"https:\/\/api.w.org\/{rel}","templated":true}]}}