{"id":26705,"date":"2016-10-17T11:08:17","date_gmt":"2016-10-17T16:08:17","guid":{"rendered":"https:\/\/radiowebmx.com\/nota\/?p=26705"},"modified":"2016-10-17T11:08:17","modified_gmt":"2016-10-17T16:08:17","slug":"recortes-a-ssm-lastiman-a-michoacanos-mas-vulnerables-carlos-quintana","status":"publish","type":"post","link":"https:\/\/radiowebmx.com\/nota\/recortes-a-ssm-lastiman-a-michoacanos-mas-vulnerables-carlos-quintana\/","title":{"rendered":"RECORTES A SSM LASTIMAN A MICHOACANOS M\u00c1S VULNERABLES: CARLOS QUINTANA"},"content":{"rendered":"<p class=\"x_MsoNormal\">Preocupado por el complejo panorama que enfrentar\u00e1n los michoacanos en 2017 en materia econ\u00f3mica, el coordinador de los diputados del PAN, Carlos Quintana Mart\u00ednez, asegur\u00f3 que impulsar\u00e1 desde su funci\u00f3n como representante popular la reasignaci\u00f3n de recursos federales y estatales para diversos rubros, de manera especial para los servicios de \u00a0salud p\u00fablica.<\/p>\n<p class=\"x_MsoNormal\">Lo anterior en el marco del an\u00e1lisis que se realiza a la propuesta presentada por el Ejecutivo del Estado para el Presupuesto de Egresos 2017, reiterando la incertidumbre generada por los anuncios sobre recortes en \u00e1reas estrat\u00e9gicas pero de manera alarmante, el recorte de 2 mil 218 millones de pesos a nivel federal en materia de salud y a nivel estatal,\u00a0m\u00e1s de mil 157 millones de pesos para \u00a0la Secretar\u00eda de Salud.<\/p>\n<p class=\"x_MsoNormal\">Al respecto, explic\u00f3 Quintana Mart\u00ednez, esta es una de las \u00e1reas m\u00e1s sensibles y que preocupan en mayor medida a la poblaci\u00f3n en situaci\u00f3n de pobreza, \u201ces los Centros de Salud del interior del estado, al Hospital Civil, al Hospital Infantil y \u00a0los nosocomios que operan con recursos p\u00fablicos, a los que acuden los michoacanos con mayores dificultades econ\u00f3micas; por eso considero irresponsable disminuir el dinero p\u00fablico para este rubro\u201d.<\/p>\n<p class=\"x_MsoNormal\">Ello, sumado a las reiteradas denuncias de escasez de personal m\u00e9dico\u00a0especializado, medicamentos, \u00a0material de curaci\u00f3n, espacios dignos para hospitalizaci\u00f3n, \u201cobliga al Ejecutivo del Estado y al Congreso local \u00a0solicitar a la Federaci\u00f3n que volte\u00e9 sus ojos a nuestro estado y reconsideren la proyecci\u00f3n de recursos que permitan brindar atenci\u00f3n oportuna y digna a la salud de los michoacanos m\u00e1s vulnerables\u201d.<\/p>\n<p class=\"x_MsoNormal\">De lo anterior el coordinador albiazul asegur\u00f3 que estar\u00e1n atentos a las gestiones que realice tanto el Ejecutivo como los legisladores federales a favor del estado, por lo que una vez que se concluya este procedimiento, en Michoac\u00e1n, Acci\u00f3n Nacional pugnar\u00e1 por un presupuesto responsable y que no afecte la ya de por s\u00ed mermada situaci\u00f3n econ\u00f3mica que enfrentan los michoacanos.<\/p>\n<p class=\"x_MsoNormal\">Finalmente, Carlos Quintana reiter\u00f3 \u00a0que el PAN impulsar\u00e1 acciones por el bienestar com\u00fan, \u00a0trabajando de la mano con los michoacanos en la reconstrucci\u00f3n del entorno social y econ\u00f3mico de Michoac\u00e1n.<\/p>\n","protected":false},"excerpt":{"rendered":"<p>Preocupado por el complejo panorama que enfrentar\u00e1n los michoacanos en 2017 en materia econ\u00f3mica, el coordinador de los diputados del PAN, Carlos Quintana Mart\u00ednez, asegur\u00f3 que impulsar\u00e1 desde su funci\u00f3n como representante popular la reasignaci\u00f3n de recursos federales y estatales para diversos rubros<\/p>\n","protected":false},"author":1,"featured_media":26706,"comment_status":"open","ping_status":"open","sticky":false,"template":"","format":"standard","meta":{"footnotes":""},"categories":[6,14,8],"tags":[],"class_list":["post-26705","post","type-post","status-publish","format-standard","has-post-thumbnail","hentry","category-congreso-del-estado","category-destacadas","category-grupo-parlamentario-del-pan"],"_links":{"self":[{"href":"https:\/\/radiowebmx.com\/nota\/wp-json\/wp\/v2\/posts\/26705","targetHints":{"allow":["GET"]}}],"collection":[{"href":"https:\/\/radiowebmx.com\/nota\/wp-json\/wp\/v2\/posts"}],"about":[{"href":"https:\/\/radiowebmx.com\/nota\/wp-json\/wp\/v2\/types\/post"}],"author":[{"embeddable":true,"href":"https:\/\/radiowebmx.com\/nota\/wp-json\/wp\/v2\/users\/1"}],"replies":[{"embeddable":true,"href":"https:\/\/radiowebmx.com\/nota\/wp-json\/wp\/v2\/comments?post=26705"}],"version-history":[{"count":1,"href":"https:\/\/radiowebmx.com\/nota\/wp-json\/wp\/v2\/posts\/26705\/revisions"}],"predecessor-version":[{"id":26707,"href":"https:\/\/radiowebmx.com\/nota\/wp-json\/wp\/v2\/posts\/26705\/revisions\/26707"}],"wp:featuredmedia":[{"embeddable":true,"href":"https:\/\/radiowebmx.com\/nota\/wp-json\/wp\/v2\/media\/26706"}],"wp:attachment":[{"href":"https:\/\/radiowebmx.com\/nota\/wp-json\/wp\/v2\/media?parent=26705"}],"wp:term":[{"taxonomy":"category","embeddable":true,"href":"https:\/\/radiowebmx.com\/nota\/wp-json\/wp\/v2\/categories?post=26705"},{"taxonomy":"post_tag","embeddable":true,"href":"https:\/\/radiowebmx.com\/nota\/wp-json\/wp\/v2\/tags?post=26705"}],"curies":[{"name":"wp","href":"https:\/\/api.w.org\/{rel}","templated":true}]}}