{"id":26702,"date":"2016-10-17T11:04:26","date_gmt":"2016-10-17T16:04:26","guid":{"rendered":"https:\/\/radiowebmx.com\/nota\/?p=26702"},"modified":"2016-10-17T11:04:26","modified_gmt":"2016-10-17T16:04:26","slug":"delegado-del-cen-en-michoacan-responsable-de-la-reorganizacion-politica-en-morelia","status":"publish","type":"post","link":"https:\/\/radiowebmx.com\/nota\/delegado-del-cen-en-michoacan-responsable-de-la-reorganizacion-politica-en-morelia\/","title":{"rendered":"DELEGADO DEL CEN EN MICHOAC\u00c1N RESPONSABLE DE LA REORGANIZACI\u00d3N POL\u00cdTICA EN MORELIA"},"content":{"rendered":"<div>Morelia, Michoac\u00e1n a 16 de octubre de 2016.- Hugo Cabrera, Diputado Federal y delegado del CEN en la entidad, ser\u00e1 el encargado de la reorganizaci\u00f3n pol\u00edtica en Morelia.<\/div>\n<div><\/div>\n<div>&#8220;Con el delegado del CEN daremos manejo pol\u00edtico en Morelia, \u00e9l ser\u00e1 el responsable de las tareas en el comit\u00e9 municipal y le agradecemos que participe con nosotros&#8221;, apunt\u00f3 el presidente del Comit\u00e9 Directivo Estatal del PRI en Michoac\u00e1n, V\u00edctor Silva Tejeda.<\/div>\n<div><\/div>\n<div>Pidi\u00f3 al delegado &#8220;incluir a todos los liderazgos y no dejarse llevar por rumores. Los \u00fanicos que ser\u00e1n excluidos, porque as\u00ed lo establecen nuestros estatutos, son aquellos que hayan sido candidatos en otros institutos pol\u00edticos&#8221;.<\/div>\n<div><\/div>\n<div>Contextualiz\u00f3 que Morelia aporta el 20% de los votos en una contienda en la entidad, &#8220;de ah\u00ed que llega a ser determinante en un proceso de renovaci\u00f3n del Ejecutivo Estatal&#8221;.<\/div>\n<div><\/div>\n<div>En el marco de la reorganizaci\u00f3n que atraviesa el Revolucionario Institucional en la entidad, Silva Tejeda, se\u00f1al\u00f3 que se busca que todos los priistas est\u00e9n incluidos en la renovaci\u00f3n, la cual se debe dar en t\u00e9rminos de unidad; &#8220;y los integrantes de los consejos pol\u00edticos deben ser personas de carne y hueso que tengan peso pol\u00edtico en sus municipios&#8221;.<\/div>\n<div><\/div>\n<div>Por su parte, Hugo Cabrera, asegur\u00f3 que har\u00e1 eco en el CEN sobre el trabajo que realiza el PRI en Michoac\u00e1n; estado en donde se busca que todas las expresiones militantes tengan representaci\u00f3n.<\/div>\n<div><\/div>\n<div>Por su parte, Antonio Guzm\u00e1n, Secretario de Organizaci\u00f3n del CDE, puntualiz\u00f3 que hasta la fecha se han renovado 30 Consejos Pol\u00edticos Municipales, con un total de 6500 consejeros, &#8220;con los cuales se ha buscado que no sean militantes por ocurrencia, tenemos que partir del principio de lealtad partidista, recordar nuestros estatutos&#8221;.<\/div>\n<div><\/div>\n<div>En tanto Israel Abraham L\u00f3pez Calder\u00f3n, Secretario de la Comisi\u00f3n de Procesos Electorales del CDE, se\u00f1al\u00f3 que el dirigente V\u00edctor Silva, ha instruido las acciones de manera que se pueda trabajar con legalidad; adem\u00e1s de prever y vigilar las normas y requisitos necesarios para la reorganizaci\u00f3n.<\/div>\n<div><\/div>\n<div>En la reuni\u00f3n de trabajo estuvieron presentes todos los secretarios del Comit\u00e9 Estatal; as\u00ed como personal de la Comisi\u00f3n de Procesos internos.<\/div>\n","protected":false},"excerpt":{"rendered":"<p>Hugo Cabrera, Diputado Federal y delegado del CEN en la entidad, ser\u00e1 el encargado de la reorganizaci\u00f3n pol\u00edtica en Morelia.<\/p>\n","protected":false},"author":1,"featured_media":26703,"comment_status":"open","ping_status":"open","sticky":false,"template":"","format":"standard","meta":{"footnotes":""},"categories":[14,11,12],"tags":[],"class_list":["post-26702","post","type-post","status-publish","format-standard","has-post-thumbnail","hentry","category-destacadas","category-partidos-politicos","category-pri"],"_links":{"self":[{"href":"https:\/\/radiowebmx.com\/nota\/wp-json\/wp\/v2\/posts\/26702","targetHints":{"allow":["GET"]}}],"collection":[{"href":"https:\/\/radiowebmx.com\/nota\/wp-json\/wp\/v2\/posts"}],"about":[{"href":"https:\/\/radiowebmx.com\/nota\/wp-json\/wp\/v2\/types\/post"}],"author":[{"embeddable":true,"href":"https:\/\/radiowebmx.com\/nota\/wp-json\/wp\/v2\/users\/1"}],"replies":[{"embeddable":true,"href":"https:\/\/radiowebmx.com\/nota\/wp-json\/wp\/v2\/comments?post=26702"}],"version-history":[{"count":1,"href":"https:\/\/radiowebmx.com\/nota\/wp-json\/wp\/v2\/posts\/26702\/revisions"}],"predecessor-version":[{"id":26704,"href":"https:\/\/radiowebmx.com\/nota\/wp-json\/wp\/v2\/posts\/26702\/revisions\/26704"}],"wp:featuredmedia":[{"embeddable":true,"href":"https:\/\/radiowebmx.com\/nota\/wp-json\/wp\/v2\/media\/26703"}],"wp:attachment":[{"href":"https:\/\/radiowebmx.com\/nota\/wp-json\/wp\/v2\/media?parent=26702"}],"wp:term":[{"taxonomy":"category","embeddable":true,"href":"https:\/\/radiowebmx.com\/nota\/wp-json\/wp\/v2\/categories?post=26702"},{"taxonomy":"post_tag","embeddable":true,"href":"https:\/\/radiowebmx.com\/nota\/wp-json\/wp\/v2\/tags?post=26702"}],"curies":[{"name":"wp","href":"https:\/\/api.w.org\/{rel}","templated":true}]}}