{"id":26697,"date":"2016-10-17T10:57:37","date_gmt":"2016-10-17T15:57:37","guid":{"rendered":"https:\/\/radiowebmx.com\/nota\/?p=26697"},"modified":"2016-10-17T10:57:37","modified_gmt":"2016-10-17T15:57:37","slug":"regidores-conocen-avances-de-obra-del-rio-chiquito","status":"publish","type":"post","link":"https:\/\/radiowebmx.com\/nota\/regidores-conocen-avances-de-obra-del-rio-chiquito\/","title":{"rendered":"Regidores conocen avances de obra del R\u00edo Chiquito"},"content":{"rendered":"<p>En reuni\u00f3n de trabajo, fueron presentados los avances del proyecto del Parque Lineal y el Colector Sanitario madrina del R\u00edo Chiquito, ante los Regidores que integran la Comisi\u00f3n de Desarrollo Urbano y Obras P\u00fablicas la cual es coordinada por Jorge Luis Tinoco Ortiz.<\/p>\n<p>Tinoco Ortiz acompa\u00f1ado por los Regidores Mar\u00eda Elisa Garrido P\u00e9rez y Salvador Arvizu Cisneros, encabez\u00f3 esta reuni\u00f3n en la que el Secretario de Efectividad e Innovaci\u00f3n Gubernamental, Antonio Plaza Urbina destac\u00f3 que esta obra se ejecuta en coordinaci\u00f3n con los distintos \u00f3rdenes de Gobierno al ser una obra compleja en su intervenci\u00f3n.<\/p>\n<p>Plaza Urbina asegur\u00f3 que las labores de ejecuci\u00f3n se han ajustado a las solicitudes de la Comisi\u00f3n Nacional del Agua (CNA) y que en este sentido es que se han dado los avances sobre el cuerpo de agua, as\u00ed como las peque\u00f1as modificaciones que se han realizado al proyecto, necesarias para cumplir con la protecci\u00f3n al medio ambiente.<\/p>\n<p>Por su parte, el Regidor, Salvador Arvizu solicit\u00f3 dar celeridad a la ejecuci\u00f3n de esta obra p\u00fablica para que los impactos en beneficio de la ciudadan\u00eda sean cada vez m\u00e1s palpables al recuperar m\u00e1s espacios p\u00fablicos para los morelianos.<\/p>\n<p>Asimismo, el Regidor, Jorge Tinoco, acord\u00f3 con los integrantes de la Comisi\u00f3n tener otra reuni\u00f3n de trabajo para conocer m\u00e1s detalles de estos dos proyectos, el Parque Lineal y el Colector Sanitario madrina del R\u00edo Chiquito, en esta ocasi\u00f3n con el Secretario de Desarrollo Metropolitano e Infraestructura, Juan Fernando Sosa y el Director de Infraestructura, Rafael C\u00e1rdenas Molina.<\/p>\n<p>En esta mesa de trabajo, tambi\u00e9n estuvo presente la Directora de Orden Urbano, Fabiola Ram\u00edrez Moreno, la Jefa de Departamento de Comisiones y Enlace Legislativo, Iliana Lomel\u00ed Ruiz.<\/p>\n","protected":false},"excerpt":{"rendered":"<p>En reuni\u00f3n de trabajo, fueron presentados los avances del proyecto del Parque Lineal y el Colector Sanitario madrina del R\u00edo Chiquito, ante los Regidores que integran la Comisi\u00f3n de Desarrollo Urbano y Obras P\u00fablicas la cual es coordinada por Jorge Luis Tinoco Ortiz.<\/p>\n","protected":false},"author":1,"featured_media":26698,"comment_status":"open","ping_status":"open","sticky":false,"template":"","format":"standard","meta":{"footnotes":""},"categories":[14,9],"tags":[],"class_list":["post-26697","post","type-post","status-publish","format-standard","has-post-thumbnail","hentry","category-destacadas","category-morelia"],"_links":{"self":[{"href":"https:\/\/radiowebmx.com\/nota\/wp-json\/wp\/v2\/posts\/26697","targetHints":{"allow":["GET"]}}],"collection":[{"href":"https:\/\/radiowebmx.com\/nota\/wp-json\/wp\/v2\/posts"}],"about":[{"href":"https:\/\/radiowebmx.com\/nota\/wp-json\/wp\/v2\/types\/post"}],"author":[{"embeddable":true,"href":"https:\/\/radiowebmx.com\/nota\/wp-json\/wp\/v2\/users\/1"}],"replies":[{"embeddable":true,"href":"https:\/\/radiowebmx.com\/nota\/wp-json\/wp\/v2\/comments?post=26697"}],"version-history":[{"count":1,"href":"https:\/\/radiowebmx.com\/nota\/wp-json\/wp\/v2\/posts\/26697\/revisions"}],"predecessor-version":[{"id":26699,"href":"https:\/\/radiowebmx.com\/nota\/wp-json\/wp\/v2\/posts\/26697\/revisions\/26699"}],"wp:featuredmedia":[{"embeddable":true,"href":"https:\/\/radiowebmx.com\/nota\/wp-json\/wp\/v2\/media\/26698"}],"wp:attachment":[{"href":"https:\/\/radiowebmx.com\/nota\/wp-json\/wp\/v2\/media?parent=26697"}],"wp:term":[{"taxonomy":"category","embeddable":true,"href":"https:\/\/radiowebmx.com\/nota\/wp-json\/wp\/v2\/categories?post=26697"},{"taxonomy":"post_tag","embeddable":true,"href":"https:\/\/radiowebmx.com\/nota\/wp-json\/wp\/v2\/tags?post=26697"}],"curies":[{"name":"wp","href":"https:\/\/api.w.org\/{rel}","templated":true}]}}