{"id":26691,"date":"2016-10-17T10:38:47","date_gmt":"2016-10-17T15:38:47","guid":{"rendered":"https:\/\/radiowebmx.com\/nota\/?p=26691"},"modified":"2016-10-17T10:38:47","modified_gmt":"2016-10-17T15:38:47","slug":"un-exito-el-quinto-torneo-de-pesca-deportiva-en-el-zoologico-de-morelia","status":"publish","type":"post","link":"https:\/\/radiowebmx.com\/nota\/un-exito-el-quinto-torneo-de-pesca-deportiva-en-el-zoologico-de-morelia\/","title":{"rendered":"Un \u00e9xito, el quinto Torneo de Pesca Deportiva en el Zool\u00f3gico de Morelia"},"content":{"rendered":"<p><strong>Morelia, Michoac\u00e1n, a 16 octubre de 2016.-<\/strong>\u00a0Como parte de las actividades que realiza el Parque Zool\u00f3gico de Morelia \u201cBenito Ju\u00e1rez\u201d, este fin de semana se llev\u00f3 a cabo el quinto Torneo de Pesca Deportiva, cuyo banderazo de arranque estuvo a cabo de la titular de la Comisi\u00f3n de Pesca del Estado de Michoac\u00e1n, Larissa M\u00e9ndez B\u00e9jar, quien asisti\u00f3 con la representaci\u00f3n del Gobernador Silvano Aureoles Conejo.<\/p>\n<p>En su mensaje, el director del recinto faun\u00edstico, Josu\u00e9 Rangel D\u00edaz, resalt\u00f3 la importancia de promover una actividad deportiva como lo es la pesca, pues es propicia para fomentar la convivencia social y familiar.<\/p>\n<p>Con un total de 85 concursantes, entre ni\u00f1os, j\u00f3venes y adultos, la competencia en la modalidad de captura y suelta o pesca de orilla se realiz\u00f3 de manera exitosa, obteniendo el primer lugar de la categor\u00eda de Tilapia Joel Pedraza, con una captura de 1.885 kilogramos; en la categor\u00eda de Carpa el primer lugar fue para Armando Sanders Flores, con una captura de 3.550 kilogramos; y en la categor\u00eda de Bagre, Jairo Garc\u00eda, con una captura de 1.757 kilogramos.<\/p>\n<p>Josu\u00e9 Rangel D\u00edaz agradeci\u00f3 la participaci\u00f3n de todos los competidores e invit\u00f3 a la ciudadan\u00eda a asistir a las actividades que el Parque Zool\u00f3gico de Morelia llevar\u00e1 a cabo durante el mes de octubre.<\/p>\n<p>Tambi\u00e9n asisti\u00f3 al evento el subsecretario de Medio Ambiente de la Secretar\u00eda de Medio Ambiente, Recursos Naturales y Cambio Clim\u00e1tico, Iv\u00e1n Madero Naranjo.<\/p>\n","protected":false},"excerpt":{"rendered":"<p>Como parte de las actividades que realiza el Parque Zool\u00f3gico de Morelia \u201cBenito Ju\u00e1rez\u201d, este fin de semana se llev\u00f3 a cabo el quinto Torneo de Pesca Deportiva, cuyo banderazo de arranque estuvo a cabo de la titular de la Comisi\u00f3n de Pesca del Estado de Michoac\u00e1n, Larissa M\u00e9ndez B\u00e9jar, quien asisti\u00f3 con la representaci\u00f3n del Gobernador Silvano Aureoles Conejo.<\/p>\n","protected":false},"author":1,"featured_media":26692,"comment_status":"open","ping_status":"open","sticky":false,"template":"","format":"standard","meta":{"footnotes":""},"categories":[14,3],"tags":[],"class_list":["post-26691","post","type-post","status-publish","format-standard","has-post-thumbnail","hentry","category-destacadas","category-gobierno-del-estado-de-michoacan"],"_links":{"self":[{"href":"https:\/\/radiowebmx.com\/nota\/wp-json\/wp\/v2\/posts\/26691","targetHints":{"allow":["GET"]}}],"collection":[{"href":"https:\/\/radiowebmx.com\/nota\/wp-json\/wp\/v2\/posts"}],"about":[{"href":"https:\/\/radiowebmx.com\/nota\/wp-json\/wp\/v2\/types\/post"}],"author":[{"embeddable":true,"href":"https:\/\/radiowebmx.com\/nota\/wp-json\/wp\/v2\/users\/1"}],"replies":[{"embeddable":true,"href":"https:\/\/radiowebmx.com\/nota\/wp-json\/wp\/v2\/comments?post=26691"}],"version-history":[{"count":1,"href":"https:\/\/radiowebmx.com\/nota\/wp-json\/wp\/v2\/posts\/26691\/revisions"}],"predecessor-version":[{"id":26693,"href":"https:\/\/radiowebmx.com\/nota\/wp-json\/wp\/v2\/posts\/26691\/revisions\/26693"}],"wp:featuredmedia":[{"embeddable":true,"href":"https:\/\/radiowebmx.com\/nota\/wp-json\/wp\/v2\/media\/26692"}],"wp:attachment":[{"href":"https:\/\/radiowebmx.com\/nota\/wp-json\/wp\/v2\/media?parent=26691"}],"wp:term":[{"taxonomy":"category","embeddable":true,"href":"https:\/\/radiowebmx.com\/nota\/wp-json\/wp\/v2\/categories?post=26691"},{"taxonomy":"post_tag","embeddable":true,"href":"https:\/\/radiowebmx.com\/nota\/wp-json\/wp\/v2\/tags?post=26691"}],"curies":[{"name":"wp","href":"https:\/\/api.w.org\/{rel}","templated":true}]}}