{"id":26689,"date":"2016-10-17T10:36:49","date_gmt":"2016-10-17T15:36:49","guid":{"rendered":"https:\/\/radiowebmx.com\/nota\/?p=26689"},"modified":"2016-10-17T10:36:49","modified_gmt":"2016-10-17T15:36:49","slug":"en-michoacan-cumbre-de-organismos-municipalistas-anuncia-cedemun","status":"publish","type":"post","link":"https:\/\/radiowebmx.com\/nota\/en-michoacan-cumbre-de-organismos-municipalistas-anuncia-cedemun\/","title":{"rendered":"En Michoac\u00e1n, cumbre de organismos municipalistas, anuncia Cedemun"},"content":{"rendered":"<p><strong>Morelia, Michoac\u00e1n, a 16 de octubre de 2016.-<\/strong> Michoac\u00e1n ser\u00e1 sede de la IV Asamblea Ordinaria de los Organismos Estatales de la Regi\u00f3n Centro, en el cual participar\u00e1n el Instituto Nacional para el Federalismo y el Desarrollo Municipal (Inafed), la Conferencia Nacional de Municipios de M\u00e9xico (Conamm) y la Asociaci\u00f3n Mexicana de Municipios.<\/p>\n<p>El evento, que se llevar\u00e1 a cabo del 27 al 28 de octubre en la capital michoacana, tiene como objetivo generar un espacio de intercambio de experiencias en materia municipal, as\u00ed como el seguimiento de los acuerdos en reuniones previas y divulgaci\u00f3n de los programas del Inafed y Conamm, as\u00ed como generar estrategias integrales de desarrollo sustentable: econ\u00f3mica, social, ambiental y territorial.<\/p>\n<p>El proceso de coordinaci\u00f3n regional que han venido impulsando los estados de Aguascalientes, Colima, Guanajuato, Jalisco, Michoac\u00e1n, Nayarit, Quer\u00e9taro, San Luis Potos\u00ed y Zacatecas, tuvo su origen en febrero de 1999 con el prop\u00f3sito de intercambiar experiencias en materia de ordenamiento, infraestructura urbana, caminos y agua, as\u00ed como para construir una visi\u00f3n regional compartida y definir una estrategia integral para el desarrollo de la regi\u00f3n Centro Occidente.<\/p>\n<p>La Mesa Directiva Colegiada de la Regi\u00f3n Centro Occidente la encabezan el presidente de la Direcci\u00f3n de Desarrollo Municipal del Gobierno de Jalisco, Francisco Javier Hern\u00e1ndez Sandoval; el vicepresidente, Carlos Paredes Correa, vocal ejecutivo del Centro Estatal para el Desarrollo Municipal (Cedemun) de Michoac\u00e1n; y el encargado de Vinculaci\u00f3n y Gesti\u00f3n, Mart\u00edn Enrique \u00c1lvarez Calder\u00f3n, director del Cedemun de Zacatecas.<\/p>\n<p>La reuni\u00f3n buscar\u00e1 marcar un parteaguas en las pol\u00edticas p\u00fablicas encaminadas al desarrollo municipal y ser\u00e1 determinante para planear los grandes cambios que deben enfrentar los ayuntamientos de cara al 2017.<\/p>\n<p>Con estas acciones, el Gobierno de Michoac\u00e1n, que encabeza el Gobernador Silvano Aureoles Conejo, reafirma su convicci\u00f3n municipalista.<\/p>\n","protected":false},"excerpt":{"rendered":"<p>Michoac\u00e1n ser\u00e1 sede de la IV Asamblea Ordinaria de los Organismos Estatales de la Regi\u00f3n Centro, en el cual participar\u00e1n el Instituto Nacional para el Federalismo y el Desarrollo Municipal (Inafed), la Conferencia Nacional de Municipios de M\u00e9xico (Conamm) y la Asociaci\u00f3n Mexicana de Municipios.<\/p>\n","protected":false},"author":1,"featured_media":0,"comment_status":"open","ping_status":"open","sticky":false,"template":"","format":"standard","meta":{"footnotes":""},"categories":[3],"tags":[],"class_list":["post-26689","post","type-post","status-publish","format-standard","hentry","category-gobierno-del-estado-de-michoacan"],"_links":{"self":[{"href":"https:\/\/radiowebmx.com\/nota\/wp-json\/wp\/v2\/posts\/26689","targetHints":{"allow":["GET"]}}],"collection":[{"href":"https:\/\/radiowebmx.com\/nota\/wp-json\/wp\/v2\/posts"}],"about":[{"href":"https:\/\/radiowebmx.com\/nota\/wp-json\/wp\/v2\/types\/post"}],"author":[{"embeddable":true,"href":"https:\/\/radiowebmx.com\/nota\/wp-json\/wp\/v2\/users\/1"}],"replies":[{"embeddable":true,"href":"https:\/\/radiowebmx.com\/nota\/wp-json\/wp\/v2\/comments?post=26689"}],"version-history":[{"count":1,"href":"https:\/\/radiowebmx.com\/nota\/wp-json\/wp\/v2\/posts\/26689\/revisions"}],"predecessor-version":[{"id":26690,"href":"https:\/\/radiowebmx.com\/nota\/wp-json\/wp\/v2\/posts\/26689\/revisions\/26690"}],"wp:attachment":[{"href":"https:\/\/radiowebmx.com\/nota\/wp-json\/wp\/v2\/media?parent=26689"}],"wp:term":[{"taxonomy":"category","embeddable":true,"href":"https:\/\/radiowebmx.com\/nota\/wp-json\/wp\/v2\/categories?post=26689"},{"taxonomy":"post_tag","embeddable":true,"href":"https:\/\/radiowebmx.com\/nota\/wp-json\/wp\/v2\/tags?post=26689"}],"curies":[{"name":"wp","href":"https:\/\/api.w.org\/{rel}","templated":true}]}}