{"id":26686,"date":"2016-10-17T10:30:11","date_gmt":"2016-10-17T15:30:11","guid":{"rendered":"https:\/\/radiowebmx.com\/nota\/?p=26686"},"modified":"2016-10-17T10:30:11","modified_gmt":"2016-10-17T15:30:11","slug":"espectacular-cierre-de-la-feria-del-pan-tradicional","status":"publish","type":"post","link":"https:\/\/radiowebmx.com\/nota\/espectacular-cierre-de-la-feria-del-pan-tradicional\/","title":{"rendered":"Espectacular cierre de la Feria del Pan Tradicional"},"content":{"rendered":"<p>Con broche de oro culmin\u00f3 una edici\u00f3n m\u00e1s de la Feria del Pan Tradicional 2016, en donde para festejar 15 a\u00f1os de esta exposici\u00f3n se realiz\u00f3 un pastel monumental cuya tem\u00e1tica fue mostrar la riqueza arquitect\u00f3nica de esta ciudad Patrimonio Cultural de la Humanidad, ya que en la decoraci\u00f3n se apreciaron algunos monumentos hist\u00f3ricos como el Acueducto y la majestuosa Catedral.<\/p>\n<p>Ante la presencia de la Secretaria de Turismo Municipal, Thelma Aquique Arrieta, acompa\u00f1ada de Oliverio Cruz Guti\u00e9rrez, Presidente de la C\u00e1mara Nacional de la Industria Panadera (Canainpa) en Morelia, partieron el pastel, el cual fue degustado por 3 mil 500 morelianos que se dieron cita\u00a0 en una Plaza Valladolid que luci\u00f3 repleta durante los tres d\u00edas de exposici\u00f3n.<\/p>\n<p>Entre conchas, condes, donas, cuernos, hojaldras, b\u00edsquets, mo\u00f1os, orejas, pan de piloncillo, panqu\u00e9s, roscas de higo y de canela, semas, teleras, trenzas, pan de nata y\u00a0 para esta temporada el tradicional\u00a0pan de muerto, familias morelianas pudieron disfrutar de un evento amenizado por espect\u00e1culos musicales.<\/p>\n<p>Con estas acciones, el Presidente Municipal, Alfonso Mart\u00ednez Alc\u00e1zar, refrenda su compromiso de brinda eventos de calidad en donde el principal objetivo es reactivar la econom\u00eda e incentivar el consumo de este sector productivo, generando con ello una derrama econ\u00f3mica superior al mill\u00f3n 200 mil pesos.<\/p>\n<p>Durante este domingo, los ciudadanos fueron testigos de la elaboraci\u00f3n del pastel artesanal monumental, en el que participaron m\u00e1s de 40 panaderos quienes elaboraron la base de pan y decoraron el majestuoso pastel.<\/p>\n<p>El pastel pes\u00f3 360 kilos y se reparti\u00f3 en rebanadas de 10 cent\u00edmetros cada una, por lo que ning\u00fan visitante se qued\u00f3 sin probarlo, adem\u00e1s de que chicos y grandes tuvieron la oportunidad de conocer los diferentes estilos de pan que se realizan en Morelia y en la entidad.<\/p>\n<p>Cabe mencionar que durante los tres d\u00edas que estuvo esta feria en la Plaza San Francisco se logr\u00f3 superar las expectativas en cuanto a visitantes ya que estima que super\u00f3 los 50 mil del 2015 en un 10 o\u00a015 por ciento, lo que\u00a0demuestra la confianza de la ciudadan\u00eda para acudir y fomentar el comercio local y disfrutar de eventos en plazas p\u00fablicas.<\/p>\n","protected":false},"excerpt":{"rendered":"<p>Con broche de oro culmin\u00f3 una edici\u00f3n m\u00e1s de la Feria del Pan Tradicional 2016, en donde para festejar 15 a\u00f1os de esta exposici\u00f3n se realiz\u00f3 un pastel monumental cuya tem\u00e1tica fue mostrar la riqueza arquitect\u00f3nica de esta ciudad Patrimonio Cultural de la Humanidad, ya que en la decoraci\u00f3n se apreciaron algunos monumentos hist\u00f3ricos como el Acueducto y la majestuosa Catedral.<\/p>\n","protected":false},"author":1,"featured_media":26687,"comment_status":"open","ping_status":"open","sticky":false,"template":"","format":"standard","meta":{"footnotes":""},"categories":[14,9],"tags":[],"class_list":["post-26686","post","type-post","status-publish","format-standard","has-post-thumbnail","hentry","category-destacadas","category-morelia"],"_links":{"self":[{"href":"https:\/\/radiowebmx.com\/nota\/wp-json\/wp\/v2\/posts\/26686","targetHints":{"allow":["GET"]}}],"collection":[{"href":"https:\/\/radiowebmx.com\/nota\/wp-json\/wp\/v2\/posts"}],"about":[{"href":"https:\/\/radiowebmx.com\/nota\/wp-json\/wp\/v2\/types\/post"}],"author":[{"embeddable":true,"href":"https:\/\/radiowebmx.com\/nota\/wp-json\/wp\/v2\/users\/1"}],"replies":[{"embeddable":true,"href":"https:\/\/radiowebmx.com\/nota\/wp-json\/wp\/v2\/comments?post=26686"}],"version-history":[{"count":1,"href":"https:\/\/radiowebmx.com\/nota\/wp-json\/wp\/v2\/posts\/26686\/revisions"}],"predecessor-version":[{"id":26688,"href":"https:\/\/radiowebmx.com\/nota\/wp-json\/wp\/v2\/posts\/26686\/revisions\/26688"}],"wp:featuredmedia":[{"embeddable":true,"href":"https:\/\/radiowebmx.com\/nota\/wp-json\/wp\/v2\/media\/26687"}],"wp:attachment":[{"href":"https:\/\/radiowebmx.com\/nota\/wp-json\/wp\/v2\/media?parent=26686"}],"wp:term":[{"taxonomy":"category","embeddable":true,"href":"https:\/\/radiowebmx.com\/nota\/wp-json\/wp\/v2\/categories?post=26686"},{"taxonomy":"post_tag","embeddable":true,"href":"https:\/\/radiowebmx.com\/nota\/wp-json\/wp\/v2\/tags?post=26686"}],"curies":[{"name":"wp","href":"https:\/\/api.w.org\/{rel}","templated":true}]}}