{"id":26682,"date":"2016-10-14T15:35:17","date_gmt":"2016-10-14T20:35:17","guid":{"rendered":"https:\/\/radiowebmx.com\/nota\/?p=26682"},"modified":"2016-10-14T15:35:17","modified_gmt":"2016-10-14T20:35:17","slug":"zitacuaro-necesita-un-cendi-para-atender-la-ninez","status":"publish","type":"post","link":"https:\/\/radiowebmx.com\/nota\/zitacuaro-necesita-un-cendi-para-atender-la-ninez\/","title":{"rendered":"Zit\u00e1cuaro necesita un Cendi para atender la ni\u00f1ez."},"content":{"rendered":"<p class=\"x_MsoNormal\">Michoac\u00e1n, 14 de octubre de 2016.- Que los ni\u00f1os zitacuarenses tengan el mejor servicio que se le puede brindar a la atenci\u00f3n de la primera infancia, es la meta que la Coordinadora de la Fracci\u00f3n Parlamentaria del Partido del Trabajo, Diputada Mary Carmen Bernal Mart\u00ednez pretende alcanzar con el apoyo de las autoridades respectivas, entre ellas la Coordinaci\u00f3n Estatal de los Proyectos Educativos del PT y el gobierno municipal.<\/p>\n<p class=\"x_MsoNormal\">\n<p class=\"x_MsoNormal\">Bernal Mart\u00ednez dijo que el proyecto de los Centros de Desarrollo Infantil impulsados por este instituto pol\u00edtico ha demostrado ser el mejor en su ramo, al contar con reconocimientos estatales, nacionales e internaciones a la competitividad y calidad; ateniendo con altos est\u00e1ndares de calidad a la los ni\u00f1os desde los 45 d\u00edas de nacidos y hasta los 6 a\u00f1os, momento en que est\u00e1n listos para ingresar al sistema de primaria.<\/p>\n<p class=\"x_MsoNormal\">\n<p class=\"x_MsoNormal\">La diputada petista, mencion\u00f3 que en todo momento est\u00e1 en contacto con la Coordinadora Estatal del proyecto Cendi en Michoac\u00e1n, Mar\u00eda Auxilio Flores Garc\u00eda para conocer cu\u00e1les son los requerimientos obligatorios para que Zit\u00e1cuaro no sea la excepci\u00f3n en los procesos de excelencia que han distinguido a este noble proyecto.<\/p>\n<p class=\"x_MsoNormal\">Bernal Mart\u00ednez manifest\u00f3 que el objetivo central de instalar un Cendi en esta cabecera municipal, aunque es la atenci\u00f3n a la ni\u00f1ez zitacuarense, es tambi\u00e9n poder apoyar a las madres trabajadoras de escasos recursos que para poder laborar se ven en la necesidad de dejar a sus ni\u00f1os al encargo de familiares porque no tienen el poder adquisitivo para colocarlos en un servicio privado.<\/p>\n<p class=\"x_MsoNormal\">\n<p class=\"x_MsoNormal\">\u201cQu\u00e9 madre no quiere dejar a sus hijos en un lugar donde les brindan alimentaci\u00f3n saludable, con estimulaci\u00f3n oportuna, estimulaci\u00f3n acu\u00e1tica, tae kwon do, ingl\u00e9s, m\u00fasica, computaci\u00f3n, oratoria, y que adem\u00e1s con el subsidio del Partido del Trabajo, estar\u00eda dando una cuota de recuperaci\u00f3n m\u00ednima, cuando en otros servicios privados la mensualidad es de miles de pesos y sin todos los servicios que tiene este proyecto\u201d.<\/p>\n<p class=\"x_MsoNormal\">Mary Carmen Bernal, expres\u00f3 que para que este proyecto pueda asentarse en el municipio, es necesaria la sensibilidad de las autoridades para trabajar en conjunto para la ni\u00f1ez, que es uno de los sectores m\u00e1s desprotegidos de la sociedad y por quien se debe velar, \u201cse ha demostrado que el cerebro crece hasta en un 80% durante esta etapa del desarrollo humano, por lo tanto, si existe desnutrici\u00f3n o su estimulaci\u00f3n no es la adecuada, son da\u00f1os irreversibles que les provocamos por desconocimiento a los peque\u00f1os\u201d.<\/p>\n<p class=\"x_MsoNormal\">\n<p class=\"x_MsoNormal\">\u201cLos ni\u00f1os se merecen que se invierta el mejor esfuerzo en ellos\u201d, finaliz\u00f3.<\/p>\n","protected":false},"excerpt":{"rendered":"<p>Que los ni\u00f1os zitacuarenses tengan el mejor servicio que se le puede brindar a la atenci\u00f3n de la primera infancia, es la meta que la Coordinadora de la Fracci\u00f3n Parlamentaria del Partido del Trabajo, Diputada Mary Carmen Bernal Mart\u00ednez <\/p>\n","protected":false},"author":1,"featured_media":26683,"comment_status":"open","ping_status":"open","sticky":false,"template":"","format":"standard","meta":{"footnotes":""},"categories":[6,14],"tags":[],"class_list":["post-26682","post","type-post","status-publish","format-standard","has-post-thumbnail","hentry","category-congreso-del-estado","category-destacadas"],"_links":{"self":[{"href":"https:\/\/radiowebmx.com\/nota\/wp-json\/wp\/v2\/posts\/26682","targetHints":{"allow":["GET"]}}],"collection":[{"href":"https:\/\/radiowebmx.com\/nota\/wp-json\/wp\/v2\/posts"}],"about":[{"href":"https:\/\/radiowebmx.com\/nota\/wp-json\/wp\/v2\/types\/post"}],"author":[{"embeddable":true,"href":"https:\/\/radiowebmx.com\/nota\/wp-json\/wp\/v2\/users\/1"}],"replies":[{"embeddable":true,"href":"https:\/\/radiowebmx.com\/nota\/wp-json\/wp\/v2\/comments?post=26682"}],"version-history":[{"count":1,"href":"https:\/\/radiowebmx.com\/nota\/wp-json\/wp\/v2\/posts\/26682\/revisions"}],"predecessor-version":[{"id":26684,"href":"https:\/\/radiowebmx.com\/nota\/wp-json\/wp\/v2\/posts\/26682\/revisions\/26684"}],"wp:featuredmedia":[{"embeddable":true,"href":"https:\/\/radiowebmx.com\/nota\/wp-json\/wp\/v2\/media\/26683"}],"wp:attachment":[{"href":"https:\/\/radiowebmx.com\/nota\/wp-json\/wp\/v2\/media?parent=26682"}],"wp:term":[{"taxonomy":"category","embeddable":true,"href":"https:\/\/radiowebmx.com\/nota\/wp-json\/wp\/v2\/categories?post=26682"},{"taxonomy":"post_tag","embeddable":true,"href":"https:\/\/radiowebmx.com\/nota\/wp-json\/wp\/v2\/tags?post=26682"}],"curies":[{"name":"wp","href":"https:\/\/api.w.org\/{rel}","templated":true}]}}