{"id":26678,"date":"2016-10-14T14:15:26","date_gmt":"2016-10-14T19:15:26","guid":{"rendered":"https:\/\/radiowebmx.com\/nota\/?p=26678"},"modified":"2016-10-14T14:15:26","modified_gmt":"2016-10-14T19:15:26","slug":"exige-sacar-iniciativas-de-la-congeladora-lazaro-medina","status":"publish","type":"post","link":"https:\/\/radiowebmx.com\/nota\/exige-sacar-iniciativas-de-la-congeladora-lazaro-medina\/","title":{"rendered":"Exige sacar Iniciativas de la \u201ccongeladora\u201d: L\u00e1zaro Medina"},"content":{"rendered":"<p class=\"x_MsoNormal\">Morelia, Mich a 13 de octubre del 2016.- Como resultado de la poca eficacia de la actual administraci\u00f3n municipal, la regidora moreliana, Claudia L\u00e1zaro Medina, exhort\u00f3 al presidente municipal Alfonso Mart\u00ednez Alc\u00e1zar y al s\u00edndico municipal, Fabio Sistos Rangel a trabajar\u00a0de -a de veras- \u00a0y sacar\u00a0de la congeladora\u00a0los Puntos de Acuerdo.<\/p>\n<p class=\"x_MsoNormal\">\n<p class=\"x_MsoNormal\">L\u00e1zaro medina\u00a0explic\u00f3 que como regidora, tiene el compromiso no solo por velar por los intereses ciudadanos sino tambi\u00e9n y con las herramientas legales con las que cuenta por su funci\u00f3n, elaborar puntos de acuerdo e interponer iniciativas que den como resultado, la soluci\u00f3n a la problem\u00e1tica que enfrenta la poblaci\u00f3n y acercarles \u00a0beneficios comunitarios.<\/p>\n<p class=\"x_MsoNormal\">\n<p class=\"x_MsoNormal\">En ese sentido, destac\u00f3 que, \u201chemos presentado ya varios Puntos de Acuerdo\u00a0\u00a0sin embargo,\u00a0 el s\u00edndico Fabio\u00a0Sistos Rangel, quien tambi\u00e9n es integrante de la comisi\u00f3n de Gobernaci\u00f3n \u00a0\u201csimula trabajar,\u00a0se conduce\u00a0con opacidad al entregar resultados de su trabajo,\u00a0\u00a0adem\u00e1s\u00a0de ser complaciente con los funcionarios a su cargo,\u00a0los cuales sin duda, no\u00a0justifican\u00a0el salario que perciben y, en consecuencia, no responden con resultados a la sociedad moreliana a la que nos debemos\u201d.<\/p>\n<p class=\"x_MsoNormal\">\n<p class=\"x_MsoNormal\">Por lo anterior,\u00a0exigi\u00f3\u00a0al presidente municipal y sindico, \u201cresultados, no discursos,\u00a0apelamos a su sensatez, responsabilidad\u00a0y compromiso\u00a0social, para que retome el camino, Morelia merece notas de logros y de beneficio a los habitantes\u00a0pero que no sean de papel, de foto o de pose\u201d.<\/p>\n<p class=\"x_MsoNormal\">\n<p class=\"x_MsoNormal\">Cabe hacer menci\u00f3n\u00a0 que las iniciativas que ha presentado la regidora L\u00e1zaro Medina y que a\u00fan se encuentran en la \u201ccongeladora\u201d son: Reglamento para la Protecci\u00f3n e Inclusi\u00f3n de las Personas Adultas Mayores y Personas con Discapacidad; Iniciativa de Reforma del Reglamento Interno de Sesiones y Funcionamientos de Comisiones Ayuntamiento; Reglamento de Box, Lucha Libre Artes Marciales, Mixtas Profesionales y el Reglamento de Salud, entre otras.<\/p>\n<p class=\"x_MsoNormal\">\n<p class=\"x_MsoNormal\">La tambi\u00e9n coordinadora de la Comisi\u00f3n Especial de Atenci\u00f3n a Grupos Vulnerables,\u00a0fue tajante al se\u00f1alar\u00a0que, \u201cconf\u00edo\u00a0en\u00a0que\u00a0el presidente municipal\u00a0pondr\u00e1 orden y\u00a0exigir\u00e1\u00a0a sus funcionarios \u00a0cumplir\u00a0\u00a0con\u00a0su\u00a0<wbr \/>responsabilidad\u201d.<\/p>\n<p class=\"x_MsoNormal\">Por ultimo\u00a0L\u00e1zaro Medina,\u00a0reiter\u00f3 su compromiso de\u00a0seguir trabajando e impulsar \u00a0Iniciativas que signifiquen la transformaci\u00f3n y el beneficio de las familias morelianas.<\/p>\n","protected":false},"excerpt":{"rendered":"<p>Como resultado de la poca eficacia de la actual administraci\u00f3n municipal, la regidora moreliana, Claudia L\u00e1zaro Medina, exhort\u00f3 al presidente municipal Alfonso Mart\u00ednez Alc\u00e1zar y al s\u00edndico municipal, Fabio Sistos Rangel a trabajar de -a de veras-  y sacar de la congeladora los Puntos de Acuerdo.<\/p>\n","protected":false},"author":1,"featured_media":26679,"comment_status":"open","ping_status":"open","sticky":false,"template":"","format":"standard","meta":{"footnotes":""},"categories":[14],"tags":[],"class_list":["post-26678","post","type-post","status-publish","format-standard","has-post-thumbnail","hentry","category-destacadas"],"_links":{"self":[{"href":"https:\/\/radiowebmx.com\/nota\/wp-json\/wp\/v2\/posts\/26678","targetHints":{"allow":["GET"]}}],"collection":[{"href":"https:\/\/radiowebmx.com\/nota\/wp-json\/wp\/v2\/posts"}],"about":[{"href":"https:\/\/radiowebmx.com\/nota\/wp-json\/wp\/v2\/types\/post"}],"author":[{"embeddable":true,"href":"https:\/\/radiowebmx.com\/nota\/wp-json\/wp\/v2\/users\/1"}],"replies":[{"embeddable":true,"href":"https:\/\/radiowebmx.com\/nota\/wp-json\/wp\/v2\/comments?post=26678"}],"version-history":[{"count":1,"href":"https:\/\/radiowebmx.com\/nota\/wp-json\/wp\/v2\/posts\/26678\/revisions"}],"predecessor-version":[{"id":26680,"href":"https:\/\/radiowebmx.com\/nota\/wp-json\/wp\/v2\/posts\/26678\/revisions\/26680"}],"wp:featuredmedia":[{"embeddable":true,"href":"https:\/\/radiowebmx.com\/nota\/wp-json\/wp\/v2\/media\/26679"}],"wp:attachment":[{"href":"https:\/\/radiowebmx.com\/nota\/wp-json\/wp\/v2\/media?parent=26678"}],"wp:term":[{"taxonomy":"category","embeddable":true,"href":"https:\/\/radiowebmx.com\/nota\/wp-json\/wp\/v2\/categories?post=26678"},{"taxonomy":"post_tag","embeddable":true,"href":"https:\/\/radiowebmx.com\/nota\/wp-json\/wp\/v2\/tags?post=26678"}],"curies":[{"name":"wp","href":"https:\/\/api.w.org\/{rel}","templated":true}]}}