{"id":26665,"date":"2016-10-14T12:45:23","date_gmt":"2016-10-14T17:45:23","guid":{"rendered":"https:\/\/radiowebmx.com\/nota\/?p=26665"},"modified":"2016-10-14T12:45:58","modified_gmt":"2016-10-14T17:45:58","slug":"gobernador-silvano-aureoles-conejo-entrega-obras-en-escuela-de-educacion-especial-benito-juarez-garcia","status":"publish","type":"post","link":"https:\/\/radiowebmx.com\/nota\/gobernador-silvano-aureoles-conejo-entrega-obras-en-escuela-de-educacion-especial-benito-juarez-garcia\/","title":{"rendered":"Gobernador Silvano Aureoles Conejo entrega obras en Escuela de Educaci\u00f3n Especial \u201cBenito Ju\u00e1rez Garc\u00eda\u201d"},"content":{"rendered":"<p><strong>Morelia, Michoac\u00e1n, a 14 de octubre de 2016.-<\/strong> Con una inversi\u00f3n de alrededor de medio mill\u00f3n de pesos, este viernes el Gobernador de Michoac\u00e1n, Silvano Aureoles Conejo entreg\u00f3 los trabajos de rehabilitaci\u00f3n general y servicios sanitarios de la Escuela de Educaci\u00f3n Especial, Audici\u00f3n y Lenguaje \u201cLicenciado Benito Ju\u00e1rez Garc\u00eda\u201d.<\/p>\n<p>&nbsp;<\/p>\n<p>Adem\u00e1s, el mandatario estatal dot\u00f3 de un audi\u00f3metro digital de alta definici\u00f3n, el cual tuvo un costo aproximado de 120 mil pesos, que servir\u00e1 para realizar un mejor diagn\u00f3stico y evaluar los avances de los 65 alumnos con problemas de audici\u00f3n y sordera que reciben educaci\u00f3n b\u00e1sica en este centro.<\/p>\n<p>&nbsp;<\/p>\n<p>Convencido de que la educaci\u00f3n de calidad es lo mejor que pueden ofrecer a las ni\u00f1as y los ni\u00f1os en el estado, Aureoles Conejo reiter\u00f3 su compromiso de seguir trabajando para dignificar los espacios donde los alumnos reciben clases, y mejorar las condiciones sobre todo de los que requieren de una atenci\u00f3n especial.<\/p>\n<p>&nbsp;<\/p>\n<p>La directora del plantel, Mar\u00eda del Carmen Le\u00f3n Esparza, agradeci\u00f3 el apoyo del Gobierno del Estado en los trabajos de rehabilitaci\u00f3n y mantenimiento del inmueble, y adem\u00e1s aprovech\u00f3 la presencia del mandatario para solicitarle su colaboraci\u00f3n en tres proyectos, que consisten en la habilitaci\u00f3n de la c\u00e1mara de diagn\u00f3stico; el equipamiento y adecuaci\u00f3n de la ludoteca; as\u00ed como la renovaci\u00f3n del equipo en el laboratorio de c\u00f3mputo.<\/p>\n<p>&nbsp;<\/p>\n<p>Ante estas peticiones, el titular del Poder Ejecutivo en la entidad, asegur\u00f3 que atender\u00e1 de inmediato las demandas para cubrir las necesidades expuestas.<\/p>\n<p>&nbsp;<\/p>\n<p>\u201cRetomo sus preocupaciones se\u00f1ora directora y me comprometo a que daremos seguimiento y atenderemos estos tres proyectos, por lo pronto el pr\u00f3ximo lunes la directora del IFEEM, levantar\u00e1 las fichas t\u00e9cnicas de lo que se requiere y traer\u00e1 no cuatro, sino seis nuevas computadoras\u201d.<\/p>\n<p>&nbsp;<\/p>\n<p>Por su parte, Mar\u00eda Guadalupe D\u00edaz Chagolla, directora general del Instituto de Infraestructura F\u00edsica y Educativa del Estado, resalt\u00f3 que gracias a las acciones que impulsa el Gobernador Silvano Aureoles, contin\u00faan los trabajos para dignificar todos los planteles de educaci\u00f3n p\u00fablica en la entidad.<\/p>\n<p>&nbsp;<\/p>\n<p>A nombre de la comunidad estudiantil, Jos\u00e9 Guadalupe Hern\u00e1ndez, alumno beneficiado, quien se expres\u00f3 a trav\u00e9s del lenguaje de se\u00f1as mexicano, agradeci\u00f3 a las autoridades la rehabilitaci\u00f3n de su plantel.<\/p>\n<p>&nbsp;<\/p>\n<p>Finalmente, Silvano Aureoles destac\u00f3 que con acciones como \u00e9stas, se contribuye al bienestar de las ni\u00f1as y los ni\u00f1os que tienen alguna discapacidad, ya que les generan mejores condiciones para su desarrollo en un ambiente seguro, de inclusi\u00f3n y sana convivencia.<\/p>\n<p>&nbsp;<\/p>\n<p>En el evento tambi\u00e9n estuvieron presentes Israel Barrios Hern\u00e1ndez, delegado de la Secretar\u00eda de Educaci\u00f3n P\u00fablica en Michoac\u00e1n; Antonio Soto S\u00e1nchez, secretario de Desarrollo Econ\u00f3mico y enlace del Gobierno Estatal en la regi\u00f3n III Morelia &#8211; Cuitzeo; Julio Antonio Guajardo Villarreal, delegado regional en Michoac\u00e1n del Instituto del Fondo Nacional de la Vivienda para los Trabajadores (Infonavit) y enlace del Gobierno Federal en la regi\u00f3n III; Salom\u00f3n Paz Alan\u00eds, coordinador estatal del INIFED; Juan Bernardo Corona Mart\u00ednez, diputado local; Daniel Dur\u00e1n Flores, coordinador general de Planeaci\u00f3n de Educaci\u00f3n en la entidad y Alfredo Jaimes Carrillo, supervisor de la Zona Escolar 1 de educaci\u00f3n especial.<\/p>\n","protected":false},"excerpt":{"rendered":"<p>Morelia, Michoac\u00e1n, a 14 de octubre de 2016.- Con una inversi\u00f3n de alrededor de medio mill\u00f3n de pesos, este viernes el Gobernador de Michoac\u00e1n, Silvano Aureoles Conejo entreg\u00f3 los trabajos de rehabilitaci\u00f3n general y servicios sanitarios de la Escuela de Educaci\u00f3n Especial, Audici\u00f3n y Lenguaje \u201cLicenciado Benito Ju\u00e1rez Garc\u00eda\u201d.<\/p>\n","protected":false},"author":1,"featured_media":0,"comment_status":"open","ping_status":"open","sticky":false,"template":"","format":"standard","meta":{"footnotes":""},"categories":[14,3],"tags":[],"class_list":["post-26665","post","type-post","status-publish","format-standard","hentry","category-destacadas","category-gobierno-del-estado-de-michoacan"],"_links":{"self":[{"href":"https:\/\/radiowebmx.com\/nota\/wp-json\/wp\/v2\/posts\/26665","targetHints":{"allow":["GET"]}}],"collection":[{"href":"https:\/\/radiowebmx.com\/nota\/wp-json\/wp\/v2\/posts"}],"about":[{"href":"https:\/\/radiowebmx.com\/nota\/wp-json\/wp\/v2\/types\/post"}],"author":[{"embeddable":true,"href":"https:\/\/radiowebmx.com\/nota\/wp-json\/wp\/v2\/users\/1"}],"replies":[{"embeddable":true,"href":"https:\/\/radiowebmx.com\/nota\/wp-json\/wp\/v2\/comments?post=26665"}],"version-history":[{"count":3,"href":"https:\/\/radiowebmx.com\/nota\/wp-json\/wp\/v2\/posts\/26665\/revisions"}],"predecessor-version":[{"id":26670,"href":"https:\/\/radiowebmx.com\/nota\/wp-json\/wp\/v2\/posts\/26665\/revisions\/26670"}],"wp:attachment":[{"href":"https:\/\/radiowebmx.com\/nota\/wp-json\/wp\/v2\/media?parent=26665"}],"wp:term":[{"taxonomy":"category","embeddable":true,"href":"https:\/\/radiowebmx.com\/nota\/wp-json\/wp\/v2\/categories?post=26665"},{"taxonomy":"post_tag","embeddable":true,"href":"https:\/\/radiowebmx.com\/nota\/wp-json\/wp\/v2\/tags?post=26665"}],"curies":[{"name":"wp","href":"https:\/\/api.w.org\/{rel}","templated":true}]}}