{"id":26661,"date":"2016-10-14T12:39:39","date_gmt":"2016-10-14T17:39:39","guid":{"rendered":"https:\/\/radiowebmx.com\/nota\/?p=26661"},"modified":"2016-10-14T12:39:39","modified_gmt":"2016-10-14T17:39:39","slug":"policia-municipal-de-morelia-recibe-capacitacion-sobre-perspectiva-de-genero","status":"publish","type":"post","link":"https:\/\/radiowebmx.com\/nota\/policia-municipal-de-morelia-recibe-capacitacion-sobre-perspectiva-de-genero\/","title":{"rendered":"Polic\u00eda Municipal de Morelia recibe capacitaci\u00f3n sobre Perspectiva de G\u00e9nero"},"content":{"rendered":"<p>Como parte de las acciones emprendidas por el Ayuntamiento de Morelia en coordinaci\u00f3n con el Gobierno del Estado, as\u00ed como de las instituciones acad\u00e9micas en el marco de la Declaratoria de Alerta de G\u00e9nero, este viernes, elementos de la Polic\u00eda Municipal de Morelia recibieron la primera capacitaci\u00f3n de sensibilizaci\u00f3n en el tema de Perspectiva de G\u00e9nero.<\/p>\n<p>Durante la inauguraci\u00f3n del curso denominado \u201c\u00c9tica, G\u00e9nero y Derechos Humanos\u201d, la Directora del Instituto de la Mujer Moreliana (IMUMO), Mar\u00eda Eugenia Romero Olvera, resalt\u00f3 el compromiso y la voluntad del Presidente Municipal de Morelia, Alfonso Mart\u00ednez Alc\u00e1zar, de implementar las estrategias necesarias para hacer frente a la violencia contra la mujer en el municipio, empezando por quienes representan el primer contacto con quienes son v\u00edctimas de este fen\u00f3meno.<\/p>\n<p>Ante la presencia de la Secretaria de Igualdad Sustantiva y Desarrollo de las Mujeres en el estado, Fabiola Alan\u00eds S\u00e1mano; la Directora del Centro de Atenci\u00f3n a V\u00edctimas, Marcela Mu\u00f1oz Mart\u00ednez; as\u00ed como la catedr\u00e1tica de la Universidad Michoacana de San Nicol\u00e1s de Hidalgo, Rub\u00ed de Mar\u00eda G\u00f3mez Campos; detall\u00f3 que en esta primera etapa, un total de 20 elementos de seguridad del Centro de Atenci\u00f3n a V\u00edctimas ser\u00e1n capacitados en la materia, a fin de brindar un mejor servicio a la poblaci\u00f3n.<\/p>\n<p>\u201cUstedes tienen una gran responsabilidad porque van a recibir esta capacitaci\u00f3n y,\u00a0 tendr\u00e1n que replicar los aprendido con todos sus compa\u00f1eros, son gente nueva con un compromiso y una actitud de servicio a la ciudadan\u00eda moreliana, lo que abonar\u00e1 a promover la cultura de la denuncia y la equidad de g\u00e9nero en la ciudad\u201d, detall\u00f3 la funcionaria ante los polic\u00edas presentes.<\/p>\n<p>Al hacer uso de la voz, la Directora del Centro de Atenci\u00f3n a V\u00edctimas, Marcela Mu\u00f1oz, subray\u00f3 a nombre del Comisionado Municipal de Seguridad, Bernardo Le\u00f3n Olea, el inter\u00e9s de la Polic\u00eda Municipal de Seguridad por atender todos los temas referentes con perspectiva de g\u00e9nero.<\/p>\n<p>\u201cLa intenci\u00f3n de este curso es adquirir las herramientas necesarias para un mejor desempe\u00f1o de nuestras funciones y actuar conforme se requiere ante este tema tan sensible\u201d, apunt\u00f3 para posteriormente informar que se han atendido 850 casos al respecto, de los cuales 600 se concretaron en denuncias.<\/p>\n<p>Por su parte, la Secretaria de Igualdad Sustantiva y Desarrollo de las Mujeres, Fabiola Alan\u00eds, reconoci\u00f3 el apoyo y coordinaci\u00f3n que han tenido con el Alcalde Alfonso Mart\u00ednez y aprovech\u00f3 para reiterar el respaldo del Gobierno de Michoac\u00e1n de continuar sumando esfuerzos con el municipio para disminuir la violencia hacia la mujer.<\/p>\n<p>En tanto, la especialista en el tema, Rub\u00ed de Mar\u00eda G\u00f3mez, record\u00f3 que la Alerta de G\u00e9nero es un mecanismo jur\u00eddico de vinculaci\u00f3n interinstitucional para prevenir y atender esta problem\u00e1tica, al tiempo que puntualiz\u00f3 que est\u00e1 empieza a dar los primeros resultados gracias a la voluntad pol\u00edtica, los recursos aplicados y la capacidad que de articular el trabajo que han tenido los tres \u00f3rdenes de Gobierno, con la academia y la sociedad.<\/p>\n","protected":false},"excerpt":{"rendered":"<p>Como parte de las acciones emprendidas por el Ayuntamiento de Morelia en coordinaci\u00f3n con el Gobierno del Estado, as\u00ed como de las instituciones acad\u00e9micas en el marco de la Declaratoria de Alerta de G\u00e9nero, este viernes, elementos de la Polic\u00eda Municipal de Morelia recibieron la primera capacitaci\u00f3n de sensibilizaci\u00f3n en el tema de Perspectiva de G\u00e9nero.<\/p>\n","protected":false},"author":1,"featured_media":26662,"comment_status":"open","ping_status":"open","sticky":false,"template":"","format":"standard","meta":{"footnotes":""},"categories":[14,9],"tags":[],"class_list":["post-26661","post","type-post","status-publish","format-standard","has-post-thumbnail","hentry","category-destacadas","category-morelia"],"_links":{"self":[{"href":"https:\/\/radiowebmx.com\/nota\/wp-json\/wp\/v2\/posts\/26661","targetHints":{"allow":["GET"]}}],"collection":[{"href":"https:\/\/radiowebmx.com\/nota\/wp-json\/wp\/v2\/posts"}],"about":[{"href":"https:\/\/radiowebmx.com\/nota\/wp-json\/wp\/v2\/types\/post"}],"author":[{"embeddable":true,"href":"https:\/\/radiowebmx.com\/nota\/wp-json\/wp\/v2\/users\/1"}],"replies":[{"embeddable":true,"href":"https:\/\/radiowebmx.com\/nota\/wp-json\/wp\/v2\/comments?post=26661"}],"version-history":[{"count":1,"href":"https:\/\/radiowebmx.com\/nota\/wp-json\/wp\/v2\/posts\/26661\/revisions"}],"predecessor-version":[{"id":26663,"href":"https:\/\/radiowebmx.com\/nota\/wp-json\/wp\/v2\/posts\/26661\/revisions\/26663"}],"wp:featuredmedia":[{"embeddable":true,"href":"https:\/\/radiowebmx.com\/nota\/wp-json\/wp\/v2\/media\/26662"}],"wp:attachment":[{"href":"https:\/\/radiowebmx.com\/nota\/wp-json\/wp\/v2\/media?parent=26661"}],"wp:term":[{"taxonomy":"category","embeddable":true,"href":"https:\/\/radiowebmx.com\/nota\/wp-json\/wp\/v2\/categories?post=26661"},{"taxonomy":"post_tag","embeddable":true,"href":"https:\/\/radiowebmx.com\/nota\/wp-json\/wp\/v2\/tags?post=26661"}],"curies":[{"name":"wp","href":"https:\/\/api.w.org\/{rel}","templated":true}]}}