{"id":26658,"date":"2016-10-14T12:11:50","date_gmt":"2016-10-14T17:11:50","guid":{"rendered":"https:\/\/radiowebmx.com\/nota\/?p=26658"},"modified":"2016-10-14T12:41:12","modified_gmt":"2016-10-14T17:41:12","slug":"el-dia-de-hoy-termina-el-plazo-para-que-las-comisiones-unidas-de-gobernacion-puntos-constitucionales-y-de-derechos-humanos-dictaminen-la-ley-que-regula-las-manifestaciones-y-la-iniciativa-de-la-ley","status":"publish","type":"post","link":"https:\/\/radiowebmx.com\/nota\/el-dia-de-hoy-termina-el-plazo-para-que-las-comisiones-unidas-de-gobernacion-puntos-constitucionales-y-de-derechos-humanos-dictaminen-la-ley-que-regula-las-manifestaciones-y-la-iniciativa-de-la-ley\/","title":{"rendered":"Comit\u00e9 Organizador revisa propuestas para integrar el Cabildo Juvenil"},"content":{"rendered":"<p>Luego de que el pasado 09 de octubre concluyera el plazo de la convocatoria para presentar las propuestas de parte de los aspirantes a integrar el Cabildo Juvenil 2016, el Comit\u00e9 Organizador se encuentra en proceso de deliberaci\u00f3n y revisi\u00f3n de las decenas de propuestas recibidas para integrar el mismo.<\/p>\n<p>As\u00ed lo anunci\u00f3 la Directora del Instituto de la Juventud Moreliana (IJUM), Ana Cristina Prado Mart\u00ednez, quien se mostr\u00f3 complacida por la respuesta de parte del sector juvenil moreliano al presentar propuestas que abonen a integrar pol\u00edticas p\u00fablicas que ayuden a su desarrollo.<\/p>\n<p>Record\u00f3 que ser\u00e1 el pr\u00f3ximo 15 de octubre cuando el Comit\u00e9 Organizador del Cabildo se encuentre listo para dar a conocer a los 15 elegidos, los cuales tomar\u00e1n protesta el 26 de octubre en las instalaciones de Palacio Municipal y cuyas funciones se extender\u00e1n hasta el d\u00eda 28 del mismo mes.<\/p>\n<p>El Cabildo Juvenil 2016 ser\u00e1 integrado por un Presidente Municipal, un S\u00edndico, un Secretario del Ayuntamiento y los 12 Regidores, recordando que entre las propuestas fueron tomados en cuenta Puntos de Acuerdo, Trayectoria y Proyecto de Pol\u00edtica P\u00fablica.<\/p>\n<p>Prado Mart\u00ednez, concluy\u00f3 que es preponderante para la Administraci\u00f3n encabezada por el Alcalde, Alfonso Mart\u00ednez Alc\u00e1zar, abrir espacios de participaci\u00f3n al sector juvenil, como parte de su pol\u00edtica incluyente.<\/p>\n","protected":false},"excerpt":{"rendered":"<p>Luego de que el pasado 09 de octubre concluyera el plazo de la convocatoria para presentar las propuestas de parte de los aspirantes a integrar el Cabildo Juvenil 2016, el Comit\u00e9 Organizador se encuentra en proceso de deliberaci\u00f3n y revisi\u00f3n de las decenas de propuestas recibidas para integrar el mismo.<\/p>\n","protected":false},"author":1,"featured_media":26659,"comment_status":"open","ping_status":"open","sticky":false,"template":"","format":"standard","meta":{"footnotes":""},"categories":[14,9],"tags":[],"class_list":["post-26658","post","type-post","status-publish","format-standard","has-post-thumbnail","hentry","category-destacadas","category-morelia"],"_links":{"self":[{"href":"https:\/\/radiowebmx.com\/nota\/wp-json\/wp\/v2\/posts\/26658","targetHints":{"allow":["GET"]}}],"collection":[{"href":"https:\/\/radiowebmx.com\/nota\/wp-json\/wp\/v2\/posts"}],"about":[{"href":"https:\/\/radiowebmx.com\/nota\/wp-json\/wp\/v2\/types\/post"}],"author":[{"embeddable":true,"href":"https:\/\/radiowebmx.com\/nota\/wp-json\/wp\/v2\/users\/1"}],"replies":[{"embeddable":true,"href":"https:\/\/radiowebmx.com\/nota\/wp-json\/wp\/v2\/comments?post=26658"}],"version-history":[{"count":2,"href":"https:\/\/radiowebmx.com\/nota\/wp-json\/wp\/v2\/posts\/26658\/revisions"}],"predecessor-version":[{"id":26664,"href":"https:\/\/radiowebmx.com\/nota\/wp-json\/wp\/v2\/posts\/26658\/revisions\/26664"}],"wp:featuredmedia":[{"embeddable":true,"href":"https:\/\/radiowebmx.com\/nota\/wp-json\/wp\/v2\/media\/26659"}],"wp:attachment":[{"href":"https:\/\/radiowebmx.com\/nota\/wp-json\/wp\/v2\/media?parent=26658"}],"wp:term":[{"taxonomy":"category","embeddable":true,"href":"https:\/\/radiowebmx.com\/nota\/wp-json\/wp\/v2\/categories?post=26658"},{"taxonomy":"post_tag","embeddable":true,"href":"https:\/\/radiowebmx.com\/nota\/wp-json\/wp\/v2\/tags?post=26658"}],"curies":[{"name":"wp","href":"https:\/\/api.w.org\/{rel}","templated":true}]}}